{"id":74261,"date":"2026-09-03T21:25:41","date_gmt":"2026-09-03T19:25:41","guid":{"rendered":"https:\/\/apneapassion.com\/?p=74261"},"modified":"2026-09-03T21:45:28","modified_gmt":"2026-09-03T19:45:28","slug":"coupe-du-monde-des-clubs-de-la-cmas-2026-defile-des-champions","status":"publish","type":"post","link":"https:\/\/apneapassion.com\/fr\/actualites-conseils\/championnats-et-evenements\/coupe-du-monde-des-clubs-de-la-cmas-2026-defile-des-champions\/","title":{"rendered":"Coupe du monde des clubs de la CMAS 2026 : D\u00e9fil\u00e9 des champions"},"content":{"rendered":"\n<p class=\"wp-block-paragraph\">Le soir de la c\u00e9r\u00e9monie des Oscars, les plus grandes stars du cin\u00e9ma mondial d\u00e9filent sur le c\u00e9l\u00e8bre tapis rouge d\u2019Hollywood. La chasse sous-marine se pr\u00e9pare d\u00e9sormais \u00e0 son propre \u00e9v\u00e9nement prestigieux, puisque certains des plus grands noms de ce sport se rendront sur les falaises spectaculaires de <strong>Sagres, au Portugal<\/strong>, pour la <strong>Coupe du monde de chasse sous-marine par clubs de la CMAS 2026<\/strong>, pr\u00e9vue les <strong>4 et 5 septembre<\/strong>. <\/p>\n\n<h2 class=\"wp-block-heading\"><strong>Les champions du monde se r\u00e9unissent au Portugal<\/strong><\/h2>\n\n<p class=\"wp-block-paragraph\">La liste des participants comprend <strong>30 clubs issus de diff\u00e9rentes r\u00e9gions du monde<\/strong> et compte plusieurs champions du monde ainsi que des athl\u00e8tes de renomm\u00e9e internationale.<br\/>L&rsquo;Italie sera repr\u00e9sent\u00e9e par les anciens champions du monde <strong>Stefano Bellani<\/strong> (individuel et par \u00e9quipes) et <strong>Maurizio Ramacciotti<\/strong> (par \u00e9quipes), vice-champions lors de la pr\u00e9c\u00e9dente \u00e9dition, ainsi que par <strong>Luigi Puretti<\/strong>, qui a d\u00e9croch\u00e9 une belle deuxi\u00e8me place lors du Championnat du monde de chasse sous-marine en Espagne en 2023.<br\/><\/p>\n\n<figure class=\"wp-block-image size-large\"><img loading=\"lazy\" decoding=\"async\" width=\"1024\" height=\"768\" src=\"https:\/\/apneapassion.com\/wp-content\/uploads\/2026\/09\/WhatsApp-Image-2026-09-03-at-11.24.41-1024x768.jpeg\" alt=\"Puretti Fazzolari et Cubicciotto, membres de l'&#xE9;quipe italienne, lors de la Coupe du monde de chasse sous-marine de la CMAS 2026 &#xE0; Sagres, au Portugal\" class=\"wp-image-74223\" srcset=\"https:\/\/apneapassion.com\/wp-content\/uploads\/2026\/09\/WhatsApp-Image-2026-09-03-at-11.24.41-1024x768.jpeg 1024w, https:\/\/apneapassion.com\/wp-content\/uploads\/2026\/09\/WhatsApp-Image-2026-09-03-at-11.24.41-300x225.jpeg 300w, https:\/\/apneapassion.com\/wp-content\/uploads\/2026\/09\/WhatsApp-Image-2026-09-03-at-11.24.41-768x576.jpeg 768w, https:\/\/apneapassion.com\/wp-content\/uploads\/2026\/09\/WhatsApp-Image-2026-09-03-at-11.24.41-1536x1153.jpeg 1536w, https:\/\/apneapassion.com\/wp-content\/uploads\/2026\/09\/WhatsApp-Image-2026-09-03-at-11.24.41-80x60.jpeg 80w, https:\/\/apneapassion.com\/wp-content\/uploads\/2026\/09\/WhatsApp-Image-2026-09-03-at-11.24.41-160x120.jpeg 160w, https:\/\/apneapassion.com\/wp-content\/uploads\/2026\/09\/WhatsApp-Image-2026-09-03-at-11.24.41-696x522.jpeg 696w, https:\/\/apneapassion.com\/wp-content\/uploads\/2026\/09\/WhatsApp-Image-2026-09-03-at-11.24.41-1392x1045.jpeg 1392w, https:\/\/apneapassion.com\/wp-content\/uploads\/2026\/09\/WhatsApp-Image-2026-09-03-at-11.24.41.jpeg 1599w\" sizes=\"auto, (max-width: 1024px) 100vw, 1024px\" \/><\/figure>\n<div class=\"wp-block-image\">\n<figure class=\"aligncenter size-large\"><img loading=\"lazy\" decoding=\"async\" width=\"768\" height=\"1024\" src=\"https:\/\/apneapassion.com\/wp-content\/uploads\/2026\/09\/ChatGPT-Image-1-set-2026-11_57_16-768x1024.png\" alt=\"\" class=\"wp-image-74227\" srcset=\"https:\/\/apneapassion.com\/wp-content\/uploads\/2026\/09\/ChatGPT-Image-1-set-2026-11_57_16-768x1024.png 768w, https:\/\/apneapassion.com\/wp-content\/uploads\/2026\/09\/ChatGPT-Image-1-set-2026-11_57_16-225x300.png 225w, https:\/\/apneapassion.com\/wp-content\/uploads\/2026\/09\/ChatGPT-Image-1-set-2026-11_57_16-696x928.png 696w, https:\/\/apneapassion.com\/wp-content\/uploads\/2026\/09\/ChatGPT-Image-1-set-2026-11_57_16.png 1086w\" sizes=\"auto, (max-width: 768px) 100vw, 768px\" \/><\/figure>\n<\/div>\n<p class=\"wp-block-paragraph\">Au sein de l&rsquo;impressionnante d\u00e9l\u00e9gation espagnole figurent notamment <strong>Santiago L\u00f3pez Cid<\/strong>, vainqueur d&rsquo;un titre mondial en individuel et de cinq titres espagnols, dont le plus r\u00e9cent a \u00e9t\u00e9 remport\u00e9 lors des championnats d&rsquo;Europe dans l&rsquo;oc\u00e9an Atlantique, dans des conditions similaires \u00e0 celles attendues \u00e0 Sagres. <strong>David Fern\u00e1ndez Montero<\/strong>, triple champion d&rsquo;Espagne, participera \u00e9galement \u00e0 la comp\u00e9tition. <br\/><\/p>\n\n<figure class=\"wp-block-image size-large\"><img loading=\"lazy\" decoding=\"async\" width=\"1024\" height=\"776\" src=\"https:\/\/apneapassion.com\/wp-content\/uploads\/2026\/09\/WhatsApp-Image-2026-08-31-at-23.41.34-1024x776.jpeg\" alt=\"L'&#xE9;quipe espagnole &#xE0; la Coupe du monde de chasse sous-marine de la CMAS 2026 &#xE0; Sagres, au Portugal\" class=\"wp-image-74231\" srcset=\"https:\/\/apneapassion.com\/wp-content\/uploads\/2026\/09\/WhatsApp-Image-2026-08-31-at-23.41.34-1024x776.jpeg 1024w, https:\/\/apneapassion.com\/wp-content\/uploads\/2026\/09\/WhatsApp-Image-2026-08-31-at-23.41.34-300x227.jpeg 300w, https:\/\/apneapassion.com\/wp-content\/uploads\/2026\/09\/WhatsApp-Image-2026-08-31-at-23.41.34-768x582.jpeg 768w, https:\/\/apneapassion.com\/wp-content\/uploads\/2026\/09\/WhatsApp-Image-2026-08-31-at-23.41.34-1536x1164.jpeg 1536w, https:\/\/apneapassion.com\/wp-content\/uploads\/2026\/09\/WhatsApp-Image-2026-08-31-at-23.41.34-80x60.jpeg 80w, https:\/\/apneapassion.com\/wp-content\/uploads\/2026\/09\/WhatsApp-Image-2026-08-31-at-23.41.34-160x120.jpeg 160w, https:\/\/apneapassion.com\/wp-content\/uploads\/2026\/09\/WhatsApp-Image-2026-08-31-at-23.41.34-696x528.jpeg 696w, https:\/\/apneapassion.com\/wp-content\/uploads\/2026\/09\/WhatsApp-Image-2026-08-31-at-23.41.34-1392x1055.jpeg 1392w, https:\/\/apneapassion.com\/wp-content\/uploads\/2026\/09\/WhatsApp-Image-2026-08-31-at-23.41.34.jpeg 1793w\" sizes=\"auto, (max-width: 1024px) 100vw, 1024px\" \/><\/figure>\n\n<p class=\"wp-block-paragraph\">Parmi les favoris portugais figurent <strong>Carlos Os\u00f3rio<\/strong> et <strong>Jody Lot<\/strong>, qui a remport\u00e9 son deuxi\u00e8me titre individuel de champion du monde dans cette m\u00eame r\u00e9gion en 2018.<\/p>\n\n<h2 class=\"wp-block-heading\"><strong>Francisco Loffredi revient pour d\u00e9fendre son titre<\/strong><\/h2>\n\n<p class=\"wp-block-paragraph\">Apr\u00e8s avoir travers\u00e9 l&rsquo;Atlantique depuis <strong>le Br\u00e9sil<\/strong>, <strong>Francisco Loffredi<\/strong>, vainqueur de la pr\u00e9c\u00e9dente Coupe du monde des clubs de la CMAS, reviendra d\u00e9fendre son titre. Cette fois-ci, il concourra sous les couleurs de <strong>l&rsquo;Iate Clube do Rio de Janeiro<\/strong>, apr\u00e8s avoir remport\u00e9 le troph\u00e9e il y a deux ans dans sa ville natale, Rio de Janeiro.<br\/>Un autre grand nom figure sur la liste des participants : l\u2019athl\u00e8te br\u00e9silien <strong>Paulo Sergio Pacheco<\/strong>, vice-champion du monde en 2002. <\/p>\n<div class=\"wp-block-image\">\n<figure class=\"aligncenter size-large\"><img loading=\"lazy\" decoding=\"async\" width=\"768\" height=\"1024\" src=\"https:\/\/apneapassion.com\/wp-content\/uploads\/2026\/09\/WhatsApp-Image-2026-09-01-at-11.05.03-768x1024.jpeg\" alt=\"L'&#xE9;quipe br&#xE9;silienne &#xE0; la Coupe du monde de chasse sous-marine de la CMAS 2026 &#xE0; Sagres, au Portugal\" class=\"wp-image-74235\" srcset=\"https:\/\/apneapassion.com\/wp-content\/uploads\/2026\/09\/WhatsApp-Image-2026-09-01-at-11.05.03-768x1024.jpeg 768w, https:\/\/apneapassion.com\/wp-content\/uploads\/2026\/09\/WhatsApp-Image-2026-09-01-at-11.05.03-225x300.jpeg 225w, https:\/\/apneapassion.com\/wp-content\/uploads\/2026\/09\/WhatsApp-Image-2026-09-01-at-11.05.03-696x928.jpeg 696w, https:\/\/apneapassion.com\/wp-content\/uploads\/2026\/09\/WhatsApp-Image-2026-09-01-at-11.05.03.jpeg 960w\" sizes=\"auto, (max-width: 768px) 100vw, 768px\" \/><\/figure>\n<\/div>\n<p class=\"wp-block-paragraph\">Une autre excellente nouvelle est la premi\u00e8re participation de l&rsquo;\u00e9quipe tch\u00e8que de chasse sous-marine ! Il n&rsquo;y a qu&rsquo;une seule \u00e9quipe f\u00e9minine, mais elle est sans aucun doute tr\u00e8s forte, avec <strong>Teresa Duarte, Rita Teixeira et Catarina Santos<\/strong>.   <\/p>\n<div class=\"wp-block-image\">\n<figure class=\"aligncenter size-large\"><img loading=\"lazy\" decoding=\"async\" width=\"768\" height=\"1024\" src=\"https:\/\/apneapassion.com\/wp-content\/uploads\/2026\/09\/WhatsApp-Image-2026-09-01-at-09.18.58-768x1024.jpeg\" alt=\"L'&#xE9;quipe tch&#xE8;que &#xE0; la Coupe du monde de chasse sous-marine CMAS 2026 &#xE0; Sagres, au Portugal\" class=\"wp-image-74239\" srcset=\"https:\/\/apneapassion.com\/wp-content\/uploads\/2026\/09\/WhatsApp-Image-2026-09-01-at-09.18.58-768x1024.jpeg 768w, https:\/\/apneapassion.com\/wp-content\/uploads\/2026\/09\/WhatsApp-Image-2026-09-01-at-09.18.58-225x300.jpeg 225w, https:\/\/apneapassion.com\/wp-content\/uploads\/2026\/09\/WhatsApp-Image-2026-09-01-at-09.18.58-696x928.jpeg 696w, https:\/\/apneapassion.com\/wp-content\/uploads\/2026\/09\/WhatsApp-Image-2026-09-01-at-09.18.58.jpeg 960w\" sizes=\"auto, (max-width: 768px) 100vw, 768px\" \/><\/figure>\n<\/div>\n<figure class=\"wp-block-image size-large\"><img loading=\"lazy\" decoding=\"async\" width=\"1024\" height=\"576\" src=\"https:\/\/apneapassion.com\/wp-content\/uploads\/2026\/09\/WhatsApp-Image-2026-09-03-at-20.44.58-1-1024x576.jpeg\" alt=\"\" class=\"wp-image-74248\" srcset=\"https:\/\/apneapassion.com\/wp-content\/uploads\/2026\/09\/WhatsApp-Image-2026-09-03-at-20.44.58-1-1024x576.jpeg 1024w, https:\/\/apneapassion.com\/wp-content\/uploads\/2026\/09\/WhatsApp-Image-2026-09-03-at-20.44.58-1-300x169.jpeg 300w, https:\/\/apneapassion.com\/wp-content\/uploads\/2026\/09\/WhatsApp-Image-2026-09-03-at-20.44.58-1-768x432.jpeg 768w, https:\/\/apneapassion.com\/wp-content\/uploads\/2026\/09\/WhatsApp-Image-2026-09-03-at-20.44.58-1-1536x864.jpeg 1536w, https:\/\/apneapassion.com\/wp-content\/uploads\/2026\/09\/WhatsApp-Image-2026-09-03-at-20.44.58-1-696x392.jpeg 696w, https:\/\/apneapassion.com\/wp-content\/uploads\/2026\/09\/WhatsApp-Image-2026-09-03-at-20.44.58-1-1392x783.jpeg 1392w, https:\/\/apneapassion.com\/wp-content\/uploads\/2026\/09\/WhatsApp-Image-2026-09-03-at-20.44.58-1.jpeg 2048w\" sizes=\"auto, (max-width: 1024px) 100vw, 1024px\" \/><\/figure>\n\n<h2 class=\"wp-block-heading\"><strong>Des conditions difficiles sur l&rsquo;Atlantique, \u00e0 Sagres<\/strong><\/h2>\n\n<p class=\"wp-block-paragraph\">La pr\u00e9paration des athl\u00e8tes a \u00e9t\u00e9 compliqu\u00e9e par <strong>des conditions maritimes difficiles<\/strong>, avec des vents violents et de fortes vagues qui ont mis \u00e0 rude \u00e9preuve tant les concurrents que les \u00e9quipages. Toutefois, les pr\u00e9visions indiquent actuellement des conditions plus favorables pour les deux journ\u00e9es officielles de comp\u00e9tition.<br\/>Avec un plateau exceptionnel de champions et l\u2019impr\u00e9visible <strong>oc\u00e9an Atlantique<\/strong> pour cadre, la Coupe du monde de chasse sous-marine par clubs de la CMAS 2026 promet deux journ\u00e9es de comp\u00e9tition spectaculaires.<br\/>Pour demain, la <strong>zone de comp\u00e9tition la plus au nord a \u00e9t\u00e9 choisie<\/strong>. Cette zone devrait regorger de poissons, mais certaines \u00e9quipes ont exprim\u00e9 leurs inqui\u00e9tudes quant \u00e0 ce choix, car il \u00e9tait pratiquement impossible de l\u2019explorer correctement pendant la p\u00e9riode de pr\u00e9paration. Les \u00e9quipes locales pourraient donc b\u00e9n\u00e9ficier d\u2019un avantage significatif sur le reste des participants. Esp\u00e9rons n\u00e9anmoins une comp\u00e9tition passionnante, de nombreuses prises et une excellente journ\u00e9e pour tous.    <\/p>\n\n<figure class=\"wp-block-image size-large\"><img loading=\"lazy\" decoding=\"async\" width=\"725\" height=\"1024\" src=\"https:\/\/apneapassion.com\/wp-content\/uploads\/2026\/09\/TEAMS-AND-ATHLETES-_page-0001-725x1024.jpg\" alt=\"\" class=\"wp-image-74244\" srcset=\"https:\/\/apneapassion.com\/wp-content\/uploads\/2026\/09\/TEAMS-AND-ATHLETES-_page-0001-725x1024.jpg 725w, https:\/\/apneapassion.com\/wp-content\/uploads\/2026\/09\/TEAMS-AND-ATHLETES-_page-0001-212x300.jpg 212w, https:\/\/apneapassion.com\/wp-content\/uploads\/2026\/09\/TEAMS-AND-ATHLETES-_page-0001-768x1085.jpg 768w, https:\/\/apneapassion.com\/wp-content\/uploads\/2026\/09\/TEAMS-AND-ATHLETES-_page-0001-1087x1536.jpg 1087w, https:\/\/apneapassion.com\/wp-content\/uploads\/2026\/09\/TEAMS-AND-ATHLETES-_page-0001-1449x2048.jpg 1449w, https:\/\/apneapassion.com\/wp-content\/uploads\/2026\/09\/TEAMS-AND-ATHLETES-_page-0001-696x984.jpg 696w, https:\/\/apneapassion.com\/wp-content\/uploads\/2026\/09\/TEAMS-AND-ATHLETES-_page-0001-1392x1967.jpg 1392w, https:\/\/apneapassion.com\/wp-content\/uploads\/2026\/09\/TEAMS-AND-ATHLETES-_page-0001.jpg 1800w\" sizes=\"auto, (max-width: 725px) 100vw, 725px\" \/><\/figure>\n","protected":false},"excerpt":{"rendered":"<p>Le soir de la c\u00e9r\u00e9monie des Oscars, les plus grandes stars du cin\u00e9ma mondial d\u00e9filent sur le c\u00e9l\u00e8bre tapis rouge d\u2019Hollywood. La chasse sous-marine se pr\u00e9pare d\u00e9sormais \u00e0 son propre \u00e9v\u00e9nement prestigieux, puisque certains des plus grands noms de ce sport se rendront sur les falaises spectaculaires de Sagres, au Portugal, pour la Coupe du [&hellip;]<\/p>\n","protected":false},"author":5,"featured_media":74265,"comment_status":"closed","ping_status":"closed","sticky":false,"template":"","format":"standard","meta":{"pmpro_default_level":"","footnotes":""},"categories":[7571],"tags":[],"class_list":["post-74261","post","type-post","status-publish","format-standard","has-post-thumbnail","category-championnats-et-evenements","pmpro-has-access"],"yoast_head":"<!-- This site is optimized with the Yoast SEO plugin v28.4 - https:\/\/yoast.com\/product\/yoast-seo-wordpress\/ -->\n<title>Coupe du monde des clubs de la CMAS 2026 : D\u00e9fil\u00e9 des champions - Apnea Passion Magazine<\/title>\n<meta name=\"description\" content=\"Le coup d&#039;envoi de la comp\u00e9tition de chasse sous-marine sera donn\u00e9 \u00e0 Sagres, au Portugal, dans le cadre de la Coupe du monde de chasse sous-marine par clubs de la CMAS 2026, pr\u00e9vue les 4 et 5 septembre.\" \/>\n<meta name=\"robots\" content=\"index, follow, max-snippet:-1, max-image-preview:large, max-video-preview:-1\" \/>\n<link rel=\"canonical\" href=\"https:\/\/apneapassion.com\/fr\/actualites-conseils\/championnats-et-evenements\/coupe-du-monde-des-clubs-de-la-cmas-2026-defile-des-champions\/\" \/>\n<meta property=\"og:locale\" content=\"fr_FR\" \/>\n<meta property=\"og:type\" content=\"article\" \/>\n<meta property=\"og:title\" content=\"Coupe du monde des clubs de la CMAS 2026 : D\u00e9fil\u00e9 des champions - Apnea Passion Magazine\" \/>\n<meta property=\"og:description\" content=\"Le coup d&#039;envoi de la comp\u00e9tition de chasse sous-marine sera donn\u00e9 \u00e0 Sagres, au Portugal, dans le cadre de la Coupe du monde de chasse sous-marine par clubs de la CMAS 2026, pr\u00e9vue les 4 et 5 septembre.\" \/>\n<meta property=\"og:url\" content=\"https:\/\/apneapassion.com\/fr\/actualites-conseils\/championnats-et-evenements\/coupe-du-monde-des-clubs-de-la-cmas-2026-defile-des-champions\/\" \/>\n<meta property=\"og:site_name\" content=\"Apnea Passion Magazine\" \/>\n<meta property=\"article:published_time\" content=\"2026-09-03T19:25:41+00:00\" \/>\n<meta property=\"article:modified_time\" content=\"2026-09-03T19:45:28+00:00\" \/>\n<meta property=\"og:image\" content=\"https:\/\/apneapassion.com\/wp-content\/uploads\/2026\/09\/apnea-passion-sagres-world-cup-2026-cover-equal-top-row.jpg\" \/>\n\t<meta property=\"og:image:width\" content=\"2560\" \/>\n\t<meta property=\"og:image:height\" content=\"1440\" \/>\n\t<meta property=\"og:image:type\" content=\"image\/jpeg\" \/>\n<meta name=\"author\" content=\"Redazione\" \/>\n<meta name=\"twitter:card\" content=\"summary_large_image\" \/>\n<meta name=\"twitter:label1\" content=\"\u00c9crit par\" \/>\n\t<meta name=\"twitter:data1\" content=\"Redazione\" \/>\n\t<meta name=\"twitter:label2\" content=\"Dur\u00e9e de lecture estim\u00e9e\" \/>\n\t<meta name=\"twitter:data2\" content=\"4 minutes\" \/>\n<script type=\"application\/ld+json\" class=\"yoast-schema-graph\">{\"@context\":\"https:\\\/\\\/schema.org\",\"@graph\":[{\"@type\":\"Article\",\"@id\":\"https:\\\/\\\/apneapassion.com\\\/fr\\\/actualites-conseils\\\/championnats-et-evenements\\\/coupe-du-monde-des-clubs-de-la-cmas-2026-defile-des-champions\\\/#article\",\"isPartOf\":{\"@id\":\"https:\\\/\\\/apneapassion.com\\\/fr\\\/actualites-conseils\\\/championnats-et-evenements\\\/coupe-du-monde-des-clubs-de-la-cmas-2026-defile-des-champions\\\/\"},\"author\":{\"name\":\"Redazione\",\"@id\":\"https:\\\/\\\/apneapassion.com\\\/fr\\\/#\\\/schema\\\/person\\\/16fd86e89a2df2d0f6d71e1304f17d4d\"},\"headline\":\"Coupe du monde des clubs de la CMAS 2026 : D\u00e9fil\u00e9 des champions\",\"datePublished\":\"2026-09-03T19:25:41+00:00\",\"dateModified\":\"2026-09-03T19:45:28+00:00\",\"mainEntityOfPage\":{\"@id\":\"https:\\\/\\\/apneapassion.com\\\/fr\\\/actualites-conseils\\\/championnats-et-evenements\\\/coupe-du-monde-des-clubs-de-la-cmas-2026-defile-des-champions\\\/\"},\"wordCount\":595,\"publisher\":{\"@id\":\"https:\\\/\\\/apneapassion.com\\\/fr\\\/#organization\"},\"image\":{\"@id\":\"https:\\\/\\\/apneapassion.com\\\/fr\\\/actualites-conseils\\\/championnats-et-evenements\\\/coupe-du-monde-des-clubs-de-la-cmas-2026-defile-des-champions\\\/#primaryimage\"},\"thumbnailUrl\":\"https:\\\/\\\/apneapassion.com\\\/wp-content\\\/uploads\\\/2026\\\/09\\\/apnea-passion-sagres-world-cup-2026-cover-equal-top-row.jpg\",\"articleSection\":[\"Championnats et \u00e9v\u00e9nements\"],\"inLanguage\":\"fr-FR\"},{\"@type\":\"WebPage\",\"@id\":\"https:\\\/\\\/apneapassion.com\\\/fr\\\/actualites-conseils\\\/championnats-et-evenements\\\/coupe-du-monde-des-clubs-de-la-cmas-2026-defile-des-champions\\\/\",\"url\":\"https:\\\/\\\/apneapassion.com\\\/fr\\\/actualites-conseils\\\/championnats-et-evenements\\\/coupe-du-monde-des-clubs-de-la-cmas-2026-defile-des-champions\\\/\",\"name\":\"Coupe du monde des clubs de la CMAS 2026 : D\u00e9fil\u00e9 des champions - Apnea Passion Magazine\",\"isPartOf\":{\"@id\":\"https:\\\/\\\/apneapassion.com\\\/fr\\\/#website\"},\"primaryImageOfPage\":{\"@id\":\"https:\\\/\\\/apneapassion.com\\\/fr\\\/actualites-conseils\\\/championnats-et-evenements\\\/coupe-du-monde-des-clubs-de-la-cmas-2026-defile-des-champions\\\/#primaryimage\"},\"image\":{\"@id\":\"https:\\\/\\\/apneapassion.com\\\/fr\\\/actualites-conseils\\\/championnats-et-evenements\\\/coupe-du-monde-des-clubs-de-la-cmas-2026-defile-des-champions\\\/#primaryimage\"},\"thumbnailUrl\":\"https:\\\/\\\/apneapassion.com\\\/wp-content\\\/uploads\\\/2026\\\/09\\\/apnea-passion-sagres-world-cup-2026-cover-equal-top-row.jpg\",\"datePublished\":\"2026-09-03T19:25:41+00:00\",\"dateModified\":\"2026-09-03T19:45:28+00:00\",\"description\":\"Le coup d'envoi de la comp\u00e9tition de chasse sous-marine sera donn\u00e9 \u00e0 Sagres, au Portugal, dans le cadre de la Coupe du monde de chasse sous-marine par clubs de la CMAS 2026, pr\u00e9vue les 4 et 5 septembre.\",\"breadcrumb\":{\"@id\":\"https:\\\/\\\/apneapassion.com\\\/fr\\\/actualites-conseils\\\/championnats-et-evenements\\\/coupe-du-monde-des-clubs-de-la-cmas-2026-defile-des-champions\\\/#breadcrumb\"},\"inLanguage\":\"fr-FR\",\"potentialAction\":[{\"@type\":\"ReadAction\",\"target\":[\"https:\\\/\\\/apneapassion.com\\\/fr\\\/actualites-conseils\\\/championnats-et-evenements\\\/coupe-du-monde-des-clubs-de-la-cmas-2026-defile-des-champions\\\/\"]}]},{\"@type\":\"ImageObject\",\"inLanguage\":\"fr-FR\",\"@id\":\"https:\\\/\\\/apneapassion.com\\\/fr\\\/actualites-conseils\\\/championnats-et-evenements\\\/coupe-du-monde-des-clubs-de-la-cmas-2026-defile-des-champions\\\/#primaryimage\",\"url\":\"https:\\\/\\\/apneapassion.com\\\/wp-content\\\/uploads\\\/2026\\\/09\\\/apnea-passion-sagres-world-cup-2026-cover-equal-top-row.jpg\",\"contentUrl\":\"https:\\\/\\\/apneapassion.com\\\/wp-content\\\/uploads\\\/2026\\\/09\\\/apnea-passion-sagres-world-cup-2026-cover-equal-top-row.jpg\",\"width\":2560,\"height\":1440},{\"@type\":\"BreadcrumbList\",\"@id\":\"https:\\\/\\\/apneapassion.com\\\/fr\\\/actualites-conseils\\\/championnats-et-evenements\\\/coupe-du-monde-des-clubs-de-la-cmas-2026-defile-des-champions\\\/#breadcrumb\",\"itemListElement\":[{\"@type\":\"ListItem\",\"position\":1,\"name\":\"Home\",\"item\":\"https:\\\/\\\/apneapassion.com\\\/fr\\\/\"},{\"@type\":\"ListItem\",\"position\":2,\"name\":\"Actualit\u00e9s &amp; Conseils\",\"item\":\"https:\\\/\\\/apneapassion.com\\\/fr\\\/category\\\/actualites-conseils\\\/\"},{\"@type\":\"ListItem\",\"position\":3,\"name\":\"Championnats et \u00e9v\u00e9nements\",\"item\":\"https:\\\/\\\/apneapassion.com\\\/fr\\\/category\\\/actualites-conseils\\\/championnats-et-evenements\\\/\"},{\"@type\":\"ListItem\",\"position\":4,\"name\":\"Coupe du monde des clubs de la CMAS 2026 : D\u00e9fil\u00e9 des champions\"}]},{\"@type\":\"WebSite\",\"@id\":\"https:\\\/\\\/apneapassion.com\\\/fr\\\/#website\",\"url\":\"https:\\\/\\\/apneapassion.com\\\/fr\\\/\",\"name\":\"Apnea Passion Magazine\",\"description\":\"\",\"publisher\":{\"@id\":\"https:\\\/\\\/apneapassion.com\\\/fr\\\/#organization\"},\"potentialAction\":[{\"@type\":\"SearchAction\",\"target\":{\"@type\":\"EntryPoint\",\"urlTemplate\":\"https:\\\/\\\/apneapassion.com\\\/fr\\\/?s={search_term_string}\"},\"query-input\":{\"@type\":\"PropertyValueSpecification\",\"valueRequired\":true,\"valueName\":\"search_term_string\"}}],\"inLanguage\":\"fr-FR\"},{\"@type\":\"Organization\",\"@id\":\"https:\\\/\\\/apneapassion.com\\\/fr\\\/#organization\",\"name\":\"Apnea Passion\",\"url\":\"https:\\\/\\\/apneapassion.com\\\/fr\\\/\",\"logo\":{\"@type\":\"ImageObject\",\"inLanguage\":\"fr-FR\",\"@id\":\"https:\\\/\\\/apneapassion.com\\\/fr\\\/#\\\/schema\\\/logo\\\/image\\\/\",\"url\":\"https:\\\/\\\/apneapassion.com\\\/wp-content\\\/uploads\\\/2023\\\/10\\\/apnea-passio-vertical-01-Favicon-512-x-512.png\",\"contentUrl\":\"https:\\\/\\\/apneapassion.com\\\/wp-content\\\/uploads\\\/2023\\\/10\\\/apnea-passio-vertical-01-Favicon-512-x-512.png\",\"width\":512,\"height\":512,\"caption\":\"Apnea Passion\"},\"image\":{\"@id\":\"https:\\\/\\\/apneapassion.com\\\/fr\\\/#\\\/schema\\\/logo\\\/image\\\/\"}},{\"@type\":\"Person\",\"@id\":\"https:\\\/\\\/apneapassion.com\\\/fr\\\/#\\\/schema\\\/person\\\/16fd86e89a2df2d0f6d71e1304f17d4d\",\"name\":\"Redazione\",\"url\":\"https:\\\/\\\/apneapassion.com\\\/fr\\\/author\\\/carloeditor\\\/\"}]}<\/script>\n<!-- \/ Yoast SEO plugin. -->","yoast_head_json":{"title":"Coupe du monde des clubs de la CMAS 2026 : D\u00e9fil\u00e9 des champions - Apnea Passion Magazine","description":"Le coup d'envoi de la comp\u00e9tition de chasse sous-marine sera donn\u00e9 \u00e0 Sagres, au Portugal, dans le cadre de la Coupe du monde de chasse sous-marine par clubs de la CMAS 2026, pr\u00e9vue les 4 et 5 septembre.","robots":{"index":"index","follow":"follow","max-snippet":"max-snippet:-1","max-image-preview":"max-image-preview:large","max-video-preview":"max-video-preview:-1"},"canonical":"https:\/\/apneapassion.com\/fr\/actualites-conseils\/championnats-et-evenements\/coupe-du-monde-des-clubs-de-la-cmas-2026-defile-des-champions\/","og_locale":"fr_FR","og_type":"article","og_title":"Coupe du monde des clubs de la CMAS 2026 : D\u00e9fil\u00e9 des champions - Apnea Passion Magazine","og_description":"Le coup d'envoi de la comp\u00e9tition de chasse sous-marine sera donn\u00e9 \u00e0 Sagres, au Portugal, dans le cadre de la Coupe du monde de chasse sous-marine par clubs de la CMAS 2026, pr\u00e9vue les 4 et 5 septembre.","og_url":"https:\/\/apneapassion.com\/fr\/actualites-conseils\/championnats-et-evenements\/coupe-du-monde-des-clubs-de-la-cmas-2026-defile-des-champions\/","og_site_name":"Apnea Passion Magazine","article_published_time":"2026-09-03T19:25:41+00:00","article_modified_time":"2026-09-03T19:45:28+00:00","og_image":[{"width":2560,"height":1440,"url":"https:\/\/apneapassion.com\/wp-content\/uploads\/2026\/09\/apnea-passion-sagres-world-cup-2026-cover-equal-top-row.jpg","type":"image\/jpeg"}],"author":"Redazione","twitter_card":"summary_large_image","twitter_misc":{"\u00c9crit par":"Redazione","Dur\u00e9e de lecture estim\u00e9e":"4 minutes"},"schema":{"@context":"https:\/\/schema.org","@graph":[{"@type":"Article","@id":"https:\/\/apneapassion.com\/fr\/actualites-conseils\/championnats-et-evenements\/coupe-du-monde-des-clubs-de-la-cmas-2026-defile-des-champions\/#article","isPartOf":{"@id":"https:\/\/apneapassion.com\/fr\/actualites-conseils\/championnats-et-evenements\/coupe-du-monde-des-clubs-de-la-cmas-2026-defile-des-champions\/"},"author":{"name":"Redazione","@id":"https:\/\/apneapassion.com\/fr\/#\/schema\/person\/16fd86e89a2df2d0f6d71e1304f17d4d"},"headline":"Coupe du monde des clubs de la CMAS 2026 : D\u00e9fil\u00e9 des champions","datePublished":"2026-09-03T19:25:41+00:00","dateModified":"2026-09-03T19:45:28+00:00","mainEntityOfPage":{"@id":"https:\/\/apneapassion.com\/fr\/actualites-conseils\/championnats-et-evenements\/coupe-du-monde-des-clubs-de-la-cmas-2026-defile-des-champions\/"},"wordCount":595,"publisher":{"@id":"https:\/\/apneapassion.com\/fr\/#organization"},"image":{"@id":"https:\/\/apneapassion.com\/fr\/actualites-conseils\/championnats-et-evenements\/coupe-du-monde-des-clubs-de-la-cmas-2026-defile-des-champions\/#primaryimage"},"thumbnailUrl":"https:\/\/apneapassion.com\/wp-content\/uploads\/2026\/09\/apnea-passion-sagres-world-cup-2026-cover-equal-top-row.jpg","articleSection":["Championnats et \u00e9v\u00e9nements"],"inLanguage":"fr-FR"},{"@type":"WebPage","@id":"https:\/\/apneapassion.com\/fr\/actualites-conseils\/championnats-et-evenements\/coupe-du-monde-des-clubs-de-la-cmas-2026-defile-des-champions\/","url":"https:\/\/apneapassion.com\/fr\/actualites-conseils\/championnats-et-evenements\/coupe-du-monde-des-clubs-de-la-cmas-2026-defile-des-champions\/","name":"Coupe du monde des clubs de la CMAS 2026 : D\u00e9fil\u00e9 des champions - Apnea Passion Magazine","isPartOf":{"@id":"https:\/\/apneapassion.com\/fr\/#website"},"primaryImageOfPage":{"@id":"https:\/\/apneapassion.com\/fr\/actualites-conseils\/championnats-et-evenements\/coupe-du-monde-des-clubs-de-la-cmas-2026-defile-des-champions\/#primaryimage"},"image":{"@id":"https:\/\/apneapassion.com\/fr\/actualites-conseils\/championnats-et-evenements\/coupe-du-monde-des-clubs-de-la-cmas-2026-defile-des-champions\/#primaryimage"},"thumbnailUrl":"https:\/\/apneapassion.com\/wp-content\/uploads\/2026\/09\/apnea-passion-sagres-world-cup-2026-cover-equal-top-row.jpg","datePublished":"2026-09-03T19:25:41+00:00","dateModified":"2026-09-03T19:45:28+00:00","description":"Le coup d'envoi de la comp\u00e9tition de chasse sous-marine sera donn\u00e9 \u00e0 Sagres, au Portugal, dans le cadre de la Coupe du monde de chasse sous-marine par clubs de la CMAS 2026, pr\u00e9vue les 4 et 5 septembre.","breadcrumb":{"@id":"https:\/\/apneapassion.com\/fr\/actualites-conseils\/championnats-et-evenements\/coupe-du-monde-des-clubs-de-la-cmas-2026-defile-des-champions\/#breadcrumb"},"inLanguage":"fr-FR","potentialAction":[{"@type":"ReadAction","target":["https:\/\/apneapassion.com\/fr\/actualites-conseils\/championnats-et-evenements\/coupe-du-monde-des-clubs-de-la-cmas-2026-defile-des-champions\/"]}]},{"@type":"ImageObject","inLanguage":"fr-FR","@id":"https:\/\/apneapassion.com\/fr\/actualites-conseils\/championnats-et-evenements\/coupe-du-monde-des-clubs-de-la-cmas-2026-defile-des-champions\/#primaryimage","url":"https:\/\/apneapassion.com\/wp-content\/uploads\/2026\/09\/apnea-passion-sagres-world-cup-2026-cover-equal-top-row.jpg","contentUrl":"https:\/\/apneapassion.com\/wp-content\/uploads\/2026\/09\/apnea-passion-sagres-world-cup-2026-cover-equal-top-row.jpg","width":2560,"height":1440},{"@type":"BreadcrumbList","@id":"https:\/\/apneapassion.com\/fr\/actualites-conseils\/championnats-et-evenements\/coupe-du-monde-des-clubs-de-la-cmas-2026-defile-des-champions\/#breadcrumb","itemListElement":[{"@type":"ListItem","position":1,"name":"Home","item":"https:\/\/apneapassion.com\/fr\/"},{"@type":"ListItem","position":2,"name":"Actualit\u00e9s &amp; Conseils","item":"https:\/\/apneapassion.com\/fr\/category\/actualites-conseils\/"},{"@type":"ListItem","position":3,"name":"Championnats et \u00e9v\u00e9nements","item":"https:\/\/apneapassion.com\/fr\/category\/actualites-conseils\/championnats-et-evenements\/"},{"@type":"ListItem","position":4,"name":"Coupe du monde des clubs de la CMAS 2026 : D\u00e9fil\u00e9 des champions"}]},{"@type":"WebSite","@id":"https:\/\/apneapassion.com\/fr\/#website","url":"https:\/\/apneapassion.com\/fr\/","name":"Apnea Passion Magazine","description":"","publisher":{"@id":"https:\/\/apneapassion.com\/fr\/#organization"},"potentialAction":[{"@type":"SearchAction","target":{"@type":"EntryPoint","urlTemplate":"https:\/\/apneapassion.com\/fr\/?s={search_term_string}"},"query-input":{"@type":"PropertyValueSpecification","valueRequired":true,"valueName":"search_term_string"}}],"inLanguage":"fr-FR"},{"@type":"Organization","@id":"https:\/\/apneapassion.com\/fr\/#organization","name":"Apnea Passion","url":"https:\/\/apneapassion.com\/fr\/","logo":{"@type":"ImageObject","inLanguage":"fr-FR","@id":"https:\/\/apneapassion.com\/fr\/#\/schema\/logo\/image\/","url":"https:\/\/apneapassion.com\/wp-content\/uploads\/2023\/10\/apnea-passio-vertical-01-Favicon-512-x-512.png","contentUrl":"https:\/\/apneapassion.com\/wp-content\/uploads\/2023\/10\/apnea-passio-vertical-01-Favicon-512-x-512.png","width":512,"height":512,"caption":"Apnea Passion"},"image":{"@id":"https:\/\/apneapassion.com\/fr\/#\/schema\/logo\/image\/"}},{"@type":"Person","@id":"https:\/\/apneapassion.com\/fr\/#\/schema\/person\/16fd86e89a2df2d0f6d71e1304f17d4d","name":"Redazione","url":"https:\/\/apneapassion.com\/fr\/author\/carloeditor\/"}]}},"_links":{"self":[{"href":"https:\/\/apneapassion.com\/fr\/wp-json\/wp\/v2\/posts\/74261","targetHints":{"allow":["GET"]}}],"collection":[{"href":"https:\/\/apneapassion.com\/fr\/wp-json\/wp\/v2\/posts"}],"about":[{"href":"https:\/\/apneapassion.com\/fr\/wp-json\/wp\/v2\/types\/post"}],"author":[{"embeddable":true,"href":"https:\/\/apneapassion.com\/fr\/wp-json\/wp\/v2\/users\/5"}],"replies":[{"embeddable":true,"href":"https:\/\/apneapassion.com\/fr\/wp-json\/wp\/v2\/comments?post=74261"}],"version-history":[{"count":1,"href":"https:\/\/apneapassion.com\/fr\/wp-json\/wp\/v2\/posts\/74261\/revisions"}],"predecessor-version":[{"id":74262,"href":"https:\/\/apneapassion.com\/fr\/wp-json\/wp\/v2\/posts\/74261\/revisions\/74262"}],"wp:featuredmedia":[{"embeddable":true,"href":"https:\/\/apneapassion.com\/fr\/wp-json\/wp\/v2\/media\/74265"}],"wp:attachment":[{"href":"https:\/\/apneapassion.com\/fr\/wp-json\/wp\/v2\/media?parent=74261"}],"wp:term":[{"taxonomy":"category","embeddable":true,"href":"https:\/\/apneapassion.com\/fr\/wp-json\/wp\/v2\/categories?post=74261"},{"taxonomy":"post_tag","embeddable":true,"href":"https:\/\/apneapassion.com\/fr\/wp-json\/wp\/v2\/tags?post=74261"}],"curies":[{"name":"wp","href":"https:\/\/api.w.org\/{rel}","templated":true}]}}