{"id":74202,"date":"2026-09-01T08:26:21","date_gmt":"2026-09-01T06:26:21","guid":{"rendered":"https:\/\/apneapassion.com\/?p=74202"},"modified":"2026-09-01T08:27:30","modified_gmt":"2026-09-01T06:27:30","slug":"le-salon-aqaba-blue-est-reporte-a-mars-2027","status":"publish","type":"post","link":"https:\/\/apneapassion.com\/fr\/actualites-conseils\/nouveautes\/le-salon-aqaba-blue-est-reporte-a-mars-2027\/","title":{"rendered":"Le salon Aqaba Blue est report\u00e9 \u00e0 mars 2027"},"content":{"rendered":"\n<p class=\"wp-block-paragraph\">La premi\u00e8re \u00e9dition <strong>d\u2019\u00ab<a href=\"https:\/\/abofa.jo\/about-abofa\/\">Aqaba Blue<\/a>: Ocean Future in Action \u00bb<\/strong>, <a href=\"https:\/\/apneapassion.com\/fr\/actualites-conseils\/nouveautes\/les-leaders-mondiaux-du-secteur-maritime-soutiennent-levenement-jordanien-consacre-a-la-plongee-et-a-linnovation-marine\/\">initialement pr\u00e9vue du 9 au 12 septembre 2026<\/a>, a \u00e9t\u00e9 report\u00e9e du <strong>16 au 19 mars 2027<\/strong>. L\u2019\u00e9v\u00e9nement se tiendra toujours au <strong>Centre international des expositions d\u2019Aqaba, en Jordanie<\/strong>.<br\/>Ces nouvelles dates offrent aux entreprises du secteur de la plong\u00e9e une occasion id\u00e9ale de pr\u00e9senter leurs derni\u00e8res actualit\u00e9s, leurs produits et leurs projets en amont de la saison 2027.<br\/>En tant que <strong>partenaire m\u00e9dia<\/strong> officiel du salon \u00ab Aqaba Blue : Ocean Future in Action \u00bb, <strong>le magazine Apnea Passion<\/strong> sera pr\u00e9sent \u00e0 Aqaba pour couvrir les derni\u00e8res nouveaut\u00e9s, les \u00e9v\u00e9nements et les produits li\u00e9s \u00e0 <strong>la plong\u00e9e en apn\u00e9e et \u00e0 la chasse sous-marine<\/strong>. <\/p>\n","protected":false},"excerpt":{"rendered":"<p>La premi\u00e8re \u00e9dition d\u2019\u00abAqaba Blue: Ocean Future in Action \u00bb, initialement pr\u00e9vue du 9 au 12 septembre 2026, a \u00e9t\u00e9 report\u00e9e du 16 au 19 mars 2027. L\u2019\u00e9v\u00e9nement se tiendra toujours au Centre international des expositions d\u2019Aqaba, en Jordanie.Ces nouvelles dates offrent aux entreprises du secteur de la plong\u00e9e une occasion id\u00e9ale de pr\u00e9senter leurs [&hellip;]<\/p>\n","protected":false},"author":5,"featured_media":74194,"comment_status":"closed","ping_status":"closed","sticky":false,"template":"","format":"standard","meta":{"pmpro_default_level":"","footnotes":""},"categories":[7574],"tags":[],"class_list":["post-74202","post","type-post","status-publish","format-standard","has-post-thumbnail","category-nouveautes","pmpro-has-access"],"yoast_head":"<!-- This site is optimized with the Yoast SEO plugin v28.4 - https:\/\/yoast.com\/product\/yoast-seo-wordpress\/ -->\n<title>Le salon Aqaba Blue est report\u00e9 \u00e0 mars 2027 - Apnea Passion Magazine<\/title>\n<meta name=\"description\" content=\"Le salon \u00ab Aqaba Blue \u00bb a \u00e9t\u00e9 report\u00e9 \u00e0 mars 2027, au lieu des dates initialement pr\u00e9vues en septembre 2026, afin de permettre une meilleure organisation.\" \/>\n<meta name=\"robots\" content=\"index, follow, max-snippet:-1, max-image-preview:large, max-video-preview:-1\" \/>\n<link rel=\"canonical\" href=\"https:\/\/apneapassion.com\/fr\/actualites-conseils\/nouveautes\/le-salon-aqaba-blue-est-reporte-a-mars-2027\/\" \/>\n<meta property=\"og:locale\" content=\"fr_FR\" \/>\n<meta property=\"og:type\" content=\"article\" \/>\n<meta property=\"og:title\" content=\"Le salon Aqaba Blue est report\u00e9 \u00e0 mars 2027 - Apnea Passion Magazine\" \/>\n<meta property=\"og:description\" content=\"Le salon \u00ab Aqaba Blue \u00bb a \u00e9t\u00e9 report\u00e9 \u00e0 mars 2027, au lieu des dates initialement pr\u00e9vues en septembre 2026, afin de permettre une meilleure organisation.\" \/>\n<meta property=\"og:url\" content=\"https:\/\/apneapassion.com\/fr\/actualites-conseils\/nouveautes\/le-salon-aqaba-blue-est-reporte-a-mars-2027\/\" \/>\n<meta property=\"og:site_name\" content=\"Apnea Passion Magazine\" \/>\n<meta property=\"article:published_time\" content=\"2026-09-01T06:26:21+00:00\" \/>\n<meta property=\"article:modified_time\" content=\"2026-09-01T06:27:30+00:00\" \/>\n<meta property=\"og:image\" content=\"https:\/\/apneapassion.com\/wp-content\/uploads\/2026\/09\/788728792_122138259189199365_6296920706685613544_n.png\" \/>\n\t<meta property=\"og:image:width\" content=\"960\" \/>\n\t<meta property=\"og:image:height\" content=\"541\" \/>\n\t<meta property=\"og:image:type\" content=\"image\/png\" \/>\n<meta name=\"author\" content=\"Redazione\" \/>\n<meta name=\"twitter:card\" content=\"summary_large_image\" \/>\n<meta name=\"twitter:label1\" content=\"\u00c9crit par\" \/>\n\t<meta name=\"twitter:data1\" content=\"Redazione\" \/>\n\t<meta name=\"twitter:label2\" content=\"Dur\u00e9e de lecture estim\u00e9e\" \/>\n\t<meta name=\"twitter:data2\" content=\"1 minute\" \/>\n<script type=\"application\/ld+json\" class=\"yoast-schema-graph\">{\"@context\":\"https:\\\/\\\/schema.org\",\"@graph\":[{\"@type\":\"Article\",\"@id\":\"https:\\\/\\\/apneapassion.com\\\/fr\\\/actualites-conseils\\\/nouveautes\\\/le-salon-aqaba-blue-est-reporte-a-mars-2027\\\/#article\",\"isPartOf\":{\"@id\":\"https:\\\/\\\/apneapassion.com\\\/fr\\\/actualites-conseils\\\/nouveautes\\\/le-salon-aqaba-blue-est-reporte-a-mars-2027\\\/\"},\"author\":{\"name\":\"Redazione\",\"@id\":\"https:\\\/\\\/apneapassion.com\\\/fr\\\/#\\\/schema\\\/person\\\/16fd86e89a2df2d0f6d71e1304f17d4d\"},\"headline\":\"Le salon Aqaba Blue est report\u00e9 \u00e0 mars 2027\",\"datePublished\":\"2026-09-01T06:26:21+00:00\",\"dateModified\":\"2026-09-01T06:27:30+00:00\",\"mainEntityOfPage\":{\"@id\":\"https:\\\/\\\/apneapassion.com\\\/fr\\\/actualites-conseils\\\/nouveautes\\\/le-salon-aqaba-blue-est-reporte-a-mars-2027\\\/\"},\"wordCount\":128,\"publisher\":{\"@id\":\"https:\\\/\\\/apneapassion.com\\\/fr\\\/#organization\"},\"image\":{\"@id\":\"https:\\\/\\\/apneapassion.com\\\/fr\\\/actualites-conseils\\\/nouveautes\\\/le-salon-aqaba-blue-est-reporte-a-mars-2027\\\/#primaryimage\"},\"thumbnailUrl\":\"https:\\\/\\\/apneapassion.com\\\/wp-content\\\/uploads\\\/2026\\\/09\\\/788728792_122138259189199365_6296920706685613544_n.png\",\"articleSection\":[\"nouveaut\u00e9s\"],\"inLanguage\":\"fr-FR\"},{\"@type\":\"WebPage\",\"@id\":\"https:\\\/\\\/apneapassion.com\\\/fr\\\/actualites-conseils\\\/nouveautes\\\/le-salon-aqaba-blue-est-reporte-a-mars-2027\\\/\",\"url\":\"https:\\\/\\\/apneapassion.com\\\/fr\\\/actualites-conseils\\\/nouveautes\\\/le-salon-aqaba-blue-est-reporte-a-mars-2027\\\/\",\"name\":\"Le salon Aqaba Blue est report\u00e9 \u00e0 mars 2027 - Apnea Passion Magazine\",\"isPartOf\":{\"@id\":\"https:\\\/\\\/apneapassion.com\\\/fr\\\/#website\"},\"primaryImageOfPage\":{\"@id\":\"https:\\\/\\\/apneapassion.com\\\/fr\\\/actualites-conseils\\\/nouveautes\\\/le-salon-aqaba-blue-est-reporte-a-mars-2027\\\/#primaryimage\"},\"image\":{\"@id\":\"https:\\\/\\\/apneapassion.com\\\/fr\\\/actualites-conseils\\\/nouveautes\\\/le-salon-aqaba-blue-est-reporte-a-mars-2027\\\/#primaryimage\"},\"thumbnailUrl\":\"https:\\\/\\\/apneapassion.com\\\/wp-content\\\/uploads\\\/2026\\\/09\\\/788728792_122138259189199365_6296920706685613544_n.png\",\"datePublished\":\"2026-09-01T06:26:21+00:00\",\"dateModified\":\"2026-09-01T06:27:30+00:00\",\"description\":\"Le salon \u00ab Aqaba Blue \u00bb a \u00e9t\u00e9 report\u00e9 \u00e0 mars 2027, au lieu des dates initialement pr\u00e9vues en septembre 2026, afin de permettre une meilleure organisation.\",\"breadcrumb\":{\"@id\":\"https:\\\/\\\/apneapassion.com\\\/fr\\\/actualites-conseils\\\/nouveautes\\\/le-salon-aqaba-blue-est-reporte-a-mars-2027\\\/#breadcrumb\"},\"inLanguage\":\"fr-FR\",\"potentialAction\":[{\"@type\":\"ReadAction\",\"target\":[\"https:\\\/\\\/apneapassion.com\\\/fr\\\/actualites-conseils\\\/nouveautes\\\/le-salon-aqaba-blue-est-reporte-a-mars-2027\\\/\"]}]},{\"@type\":\"ImageObject\",\"inLanguage\":\"fr-FR\",\"@id\":\"https:\\\/\\\/apneapassion.com\\\/fr\\\/actualites-conseils\\\/nouveautes\\\/le-salon-aqaba-blue-est-reporte-a-mars-2027\\\/#primaryimage\",\"url\":\"https:\\\/\\\/apneapassion.com\\\/wp-content\\\/uploads\\\/2026\\\/09\\\/788728792_122138259189199365_6296920706685613544_n.png\",\"contentUrl\":\"https:\\\/\\\/apneapassion.com\\\/wp-content\\\/uploads\\\/2026\\\/09\\\/788728792_122138259189199365_6296920706685613544_n.png\",\"width\":960,\"height\":541},{\"@type\":\"BreadcrumbList\",\"@id\":\"https:\\\/\\\/apneapassion.com\\\/fr\\\/actualites-conseils\\\/nouveautes\\\/le-salon-aqaba-blue-est-reporte-a-mars-2027\\\/#breadcrumb\",\"itemListElement\":[{\"@type\":\"ListItem\",\"position\":1,\"name\":\"Home\",\"item\":\"https:\\\/\\\/apneapassion.com\\\/fr\\\/\"},{\"@type\":\"ListItem\",\"position\":2,\"name\":\"Actualit\u00e9s &amp; Conseils\",\"item\":\"https:\\\/\\\/apneapassion.com\\\/fr\\\/category\\\/actualites-conseils\\\/\"},{\"@type\":\"ListItem\",\"position\":3,\"name\":\"nouveaut\u00e9s\",\"item\":\"https:\\\/\\\/apneapassion.com\\\/fr\\\/category\\\/actualites-conseils\\\/nouveautes\\\/\"},{\"@type\":\"ListItem\",\"position\":4,\"name\":\"Le salon Aqaba Blue est report\u00e9 \u00e0 mars 2027\"}]},{\"@type\":\"WebSite\",\"@id\":\"https:\\\/\\\/apneapassion.com\\\/fr\\\/#website\",\"url\":\"https:\\\/\\\/apneapassion.com\\\/fr\\\/\",\"name\":\"Apnea Passion Magazine\",\"description\":\"\",\"publisher\":{\"@id\":\"https:\\\/\\\/apneapassion.com\\\/fr\\\/#organization\"},\"potentialAction\":[{\"@type\":\"SearchAction\",\"target\":{\"@type\":\"EntryPoint\",\"urlTemplate\":\"https:\\\/\\\/apneapassion.com\\\/fr\\\/?s={search_term_string}\"},\"query-input\":{\"@type\":\"PropertyValueSpecification\",\"valueRequired\":true,\"valueName\":\"search_term_string\"}}],\"inLanguage\":\"fr-FR\"},{\"@type\":\"Organization\",\"@id\":\"https:\\\/\\\/apneapassion.com\\\/fr\\\/#organization\",\"name\":\"Apnea Passion\",\"url\":\"https:\\\/\\\/apneapassion.com\\\/fr\\\/\",\"logo\":{\"@type\":\"ImageObject\",\"inLanguage\":\"fr-FR\",\"@id\":\"https:\\\/\\\/apneapassion.com\\\/fr\\\/#\\\/schema\\\/logo\\\/image\\\/\",\"url\":\"https:\\\/\\\/apneapassion.com\\\/wp-content\\\/uploads\\\/2023\\\/10\\\/apnea-passio-vertical-01-Favicon-512-x-512.png\",\"contentUrl\":\"https:\\\/\\\/apneapassion.com\\\/wp-content\\\/uploads\\\/2023\\\/10\\\/apnea-passio-vertical-01-Favicon-512-x-512.png\",\"width\":512,\"height\":512,\"caption\":\"Apnea Passion\"},\"image\":{\"@id\":\"https:\\\/\\\/apneapassion.com\\\/fr\\\/#\\\/schema\\\/logo\\\/image\\\/\"}},{\"@type\":\"Person\",\"@id\":\"https:\\\/\\\/apneapassion.com\\\/fr\\\/#\\\/schema\\\/person\\\/16fd86e89a2df2d0f6d71e1304f17d4d\",\"name\":\"Redazione\",\"url\":\"https:\\\/\\\/apneapassion.com\\\/fr\\\/author\\\/carloeditor\\\/\"}]}<\/script>\n<!-- \/ Yoast SEO plugin. -->","yoast_head_json":{"title":"Le salon Aqaba Blue est report\u00e9 \u00e0 mars 2027 - Apnea Passion Magazine","description":"Le salon \u00ab Aqaba Blue \u00bb a \u00e9t\u00e9 report\u00e9 \u00e0 mars 2027, au lieu des dates initialement pr\u00e9vues en septembre 2026, afin de permettre une meilleure organisation.","robots":{"index":"index","follow":"follow","max-snippet":"max-snippet:-1","max-image-preview":"max-image-preview:large","max-video-preview":"max-video-preview:-1"},"canonical":"https:\/\/apneapassion.com\/fr\/actualites-conseils\/nouveautes\/le-salon-aqaba-blue-est-reporte-a-mars-2027\/","og_locale":"fr_FR","og_type":"article","og_title":"Le salon Aqaba Blue est report\u00e9 \u00e0 mars 2027 - Apnea Passion Magazine","og_description":"Le salon \u00ab Aqaba Blue \u00bb a \u00e9t\u00e9 report\u00e9 \u00e0 mars 2027, au lieu des dates initialement pr\u00e9vues en septembre 2026, afin de permettre une meilleure organisation.","og_url":"https:\/\/apneapassion.com\/fr\/actualites-conseils\/nouveautes\/le-salon-aqaba-blue-est-reporte-a-mars-2027\/","og_site_name":"Apnea Passion Magazine","article_published_time":"2026-09-01T06:26:21+00:00","article_modified_time":"2026-09-01T06:27:30+00:00","og_image":[{"width":960,"height":541,"url":"https:\/\/apneapassion.com\/wp-content\/uploads\/2026\/09\/788728792_122138259189199365_6296920706685613544_n.png","type":"image\/png"}],"author":"Redazione","twitter_card":"summary_large_image","twitter_misc":{"\u00c9crit par":"Redazione","Dur\u00e9e de lecture estim\u00e9e":"1 minute"},"schema":{"@context":"https:\/\/schema.org","@graph":[{"@type":"Article","@id":"https:\/\/apneapassion.com\/fr\/actualites-conseils\/nouveautes\/le-salon-aqaba-blue-est-reporte-a-mars-2027\/#article","isPartOf":{"@id":"https:\/\/apneapassion.com\/fr\/actualites-conseils\/nouveautes\/le-salon-aqaba-blue-est-reporte-a-mars-2027\/"},"author":{"name":"Redazione","@id":"https:\/\/apneapassion.com\/fr\/#\/schema\/person\/16fd86e89a2df2d0f6d71e1304f17d4d"},"headline":"Le salon Aqaba Blue est report\u00e9 \u00e0 mars 2027","datePublished":"2026-09-01T06:26:21+00:00","dateModified":"2026-09-01T06:27:30+00:00","mainEntityOfPage":{"@id":"https:\/\/apneapassion.com\/fr\/actualites-conseils\/nouveautes\/le-salon-aqaba-blue-est-reporte-a-mars-2027\/"},"wordCount":128,"publisher":{"@id":"https:\/\/apneapassion.com\/fr\/#organization"},"image":{"@id":"https:\/\/apneapassion.com\/fr\/actualites-conseils\/nouveautes\/le-salon-aqaba-blue-est-reporte-a-mars-2027\/#primaryimage"},"thumbnailUrl":"https:\/\/apneapassion.com\/wp-content\/uploads\/2026\/09\/788728792_122138259189199365_6296920706685613544_n.png","articleSection":["nouveaut\u00e9s"],"inLanguage":"fr-FR"},{"@type":"WebPage","@id":"https:\/\/apneapassion.com\/fr\/actualites-conseils\/nouveautes\/le-salon-aqaba-blue-est-reporte-a-mars-2027\/","url":"https:\/\/apneapassion.com\/fr\/actualites-conseils\/nouveautes\/le-salon-aqaba-blue-est-reporte-a-mars-2027\/","name":"Le salon Aqaba Blue est report\u00e9 \u00e0 mars 2027 - Apnea Passion Magazine","isPartOf":{"@id":"https:\/\/apneapassion.com\/fr\/#website"},"primaryImageOfPage":{"@id":"https:\/\/apneapassion.com\/fr\/actualites-conseils\/nouveautes\/le-salon-aqaba-blue-est-reporte-a-mars-2027\/#primaryimage"},"image":{"@id":"https:\/\/apneapassion.com\/fr\/actualites-conseils\/nouveautes\/le-salon-aqaba-blue-est-reporte-a-mars-2027\/#primaryimage"},"thumbnailUrl":"https:\/\/apneapassion.com\/wp-content\/uploads\/2026\/09\/788728792_122138259189199365_6296920706685613544_n.png","datePublished":"2026-09-01T06:26:21+00:00","dateModified":"2026-09-01T06:27:30+00:00","description":"Le salon \u00ab Aqaba Blue \u00bb a \u00e9t\u00e9 report\u00e9 \u00e0 mars 2027, au lieu des dates initialement pr\u00e9vues en septembre 2026, afin de permettre une meilleure organisation.","breadcrumb":{"@id":"https:\/\/apneapassion.com\/fr\/actualites-conseils\/nouveautes\/le-salon-aqaba-blue-est-reporte-a-mars-2027\/#breadcrumb"},"inLanguage":"fr-FR","potentialAction":[{"@type":"ReadAction","target":["https:\/\/apneapassion.com\/fr\/actualites-conseils\/nouveautes\/le-salon-aqaba-blue-est-reporte-a-mars-2027\/"]}]},{"@type":"ImageObject","inLanguage":"fr-FR","@id":"https:\/\/apneapassion.com\/fr\/actualites-conseils\/nouveautes\/le-salon-aqaba-blue-est-reporte-a-mars-2027\/#primaryimage","url":"https:\/\/apneapassion.com\/wp-content\/uploads\/2026\/09\/788728792_122138259189199365_6296920706685613544_n.png","contentUrl":"https:\/\/apneapassion.com\/wp-content\/uploads\/2026\/09\/788728792_122138259189199365_6296920706685613544_n.png","width":960,"height":541},{"@type":"BreadcrumbList","@id":"https:\/\/apneapassion.com\/fr\/actualites-conseils\/nouveautes\/le-salon-aqaba-blue-est-reporte-a-mars-2027\/#breadcrumb","itemListElement":[{"@type":"ListItem","position":1,"name":"Home","item":"https:\/\/apneapassion.com\/fr\/"},{"@type":"ListItem","position":2,"name":"Actualit\u00e9s &amp; Conseils","item":"https:\/\/apneapassion.com\/fr\/category\/actualites-conseils\/"},{"@type":"ListItem","position":3,"name":"nouveaut\u00e9s","item":"https:\/\/apneapassion.com\/fr\/category\/actualites-conseils\/nouveautes\/"},{"@type":"ListItem","position":4,"name":"Le salon Aqaba Blue est report\u00e9 \u00e0 mars 2027"}]},{"@type":"WebSite","@id":"https:\/\/apneapassion.com\/fr\/#website","url":"https:\/\/apneapassion.com\/fr\/","name":"Apnea Passion Magazine","description":"","publisher":{"@id":"https:\/\/apneapassion.com\/fr\/#organization"},"potentialAction":[{"@type":"SearchAction","target":{"@type":"EntryPoint","urlTemplate":"https:\/\/apneapassion.com\/fr\/?s={search_term_string}"},"query-input":{"@type":"PropertyValueSpecification","valueRequired":true,"valueName":"search_term_string"}}],"inLanguage":"fr-FR"},{"@type":"Organization","@id":"https:\/\/apneapassion.com\/fr\/#organization","name":"Apnea Passion","url":"https:\/\/apneapassion.com\/fr\/","logo":{"@type":"ImageObject","inLanguage":"fr-FR","@id":"https:\/\/apneapassion.com\/fr\/#\/schema\/logo\/image\/","url":"https:\/\/apneapassion.com\/wp-content\/uploads\/2023\/10\/apnea-passio-vertical-01-Favicon-512-x-512.png","contentUrl":"https:\/\/apneapassion.com\/wp-content\/uploads\/2023\/10\/apnea-passio-vertical-01-Favicon-512-x-512.png","width":512,"height":512,"caption":"Apnea Passion"},"image":{"@id":"https:\/\/apneapassion.com\/fr\/#\/schema\/logo\/image\/"}},{"@type":"Person","@id":"https:\/\/apneapassion.com\/fr\/#\/schema\/person\/16fd86e89a2df2d0f6d71e1304f17d4d","name":"Redazione","url":"https:\/\/apneapassion.com\/fr\/author\/carloeditor\/"}]}},"_links":{"self":[{"href":"https:\/\/apneapassion.com\/fr\/wp-json\/wp\/v2\/posts\/74202","targetHints":{"allow":["GET"]}}],"collection":[{"href":"https:\/\/apneapassion.com\/fr\/wp-json\/wp\/v2\/posts"}],"about":[{"href":"https:\/\/apneapassion.com\/fr\/wp-json\/wp\/v2\/types\/post"}],"author":[{"embeddable":true,"href":"https:\/\/apneapassion.com\/fr\/wp-json\/wp\/v2\/users\/5"}],"replies":[{"embeddable":true,"href":"https:\/\/apneapassion.com\/fr\/wp-json\/wp\/v2\/comments?post=74202"}],"version-history":[{"count":1,"href":"https:\/\/apneapassion.com\/fr\/wp-json\/wp\/v2\/posts\/74202\/revisions"}],"predecessor-version":[{"id":74203,"href":"https:\/\/apneapassion.com\/fr\/wp-json\/wp\/v2\/posts\/74202\/revisions\/74203"}],"wp:featuredmedia":[{"embeddable":true,"href":"https:\/\/apneapassion.com\/fr\/wp-json\/wp\/v2\/media\/74194"}],"wp:attachment":[{"href":"https:\/\/apneapassion.com\/fr\/wp-json\/wp\/v2\/media?parent=74202"}],"wp:term":[{"taxonomy":"category","embeddable":true,"href":"https:\/\/apneapassion.com\/fr\/wp-json\/wp\/v2\/categories?post=74202"},{"taxonomy":"post_tag","embeddable":true,"href":"https:\/\/apneapassion.com\/fr\/wp-json\/wp\/v2\/tags?post=74202"}],"curies":[{"name":"wp","href":"https:\/\/api.w.org\/{rel}","templated":true}]}}