{"id":74259,"date":"2026-09-03T21:25:41","date_gmt":"2026-09-03T19:25:41","guid":{"rendered":"https:\/\/apneapassion.com\/?p=74259"},"modified":"2026-09-03T21:45:02","modified_gmt":"2026-09-03T19:45:02","slug":"copa-del-mundo-de-clubes-de-la-cmas-2026-desfile-de-campeones","status":"publish","type":"post","link":"https:\/\/apneapassion.com\/es\/noticias-y-consejos\/campeonatos-y-eventos\/copa-del-mundo-de-clubes-de-la-cmas-2026-desfile-de-campeones\/","title":{"rendered":"Copa del Mundo de Clubes de la CMAS 2026: Desfile de campeones"},"content":{"rendered":"\n<p class=\"wp-block-paragraph\">La noche de los \u00d3scar, las estrellas de cine m\u00e1s famosas del mundo desfilan por la famosa alfombra roja de Hollywood. La pesca submarina se est\u00e1 preparando ahora para su propio evento repleto de estrellas, ya que algunos de los nombres m\u00e1s importantes de este deporte se dirigen a los espectaculares acantilados de <strong>Sagres, en Portugal<\/strong>, para la <strong>Copa del Mundo de Pesca Submarina por Clubes de la CMAS 2026<\/strong>, prevista para <strong>los d\u00edas 4 y 5 de septiembre<\/strong>. <\/p>\n\n<h2 class=\"wp-block-heading\"><strong>Los campeones del mundo se re\u00fanen en Portugal<\/strong><\/h2>\n\n<p class=\"wp-block-paragraph\">La lista de inscritos incluye <strong>30 clubes de diferentes partes del mundo<\/strong> y cuenta con varios campeones del mundo y deportistas de renombre internacional.<br\/>Italia estar\u00e1 representada por los antiguos campeones del mundo <strong>Stefano Bellani<\/strong> (individual y por equipos) y <strong>Maurizio Ramacciotti<\/strong> (por equipos), subcampeones en la edici\u00f3n anterior, junto con <strong>Luigi Puretti<\/strong>, que consigui\u00f3 un magn\u00edfico segundo puesto en el Campeonato Mundial de Pesca Subacu\u00e1tica celebrado en Espa\u00f1a en 2023.<br\/><\/p>\n\n<figure class=\"wp-block-image size-large\"><img loading=\"lazy\" decoding=\"async\" width=\"1024\" height=\"768\" src=\"https:\/\/apneapassion.com\/wp-content\/uploads\/2026\/09\/WhatsApp-Image-2026-09-03-at-11.24.41-1024x768.jpeg\" alt=\"Puretti Fazzolari y Cubicciotto, del equipo italiano, en la Copa del Mundo de Pesca Submarina de la CMAS de 2026 en Sagres (Portugal)\" class=\"wp-image-74223\" srcset=\"https:\/\/apneapassion.com\/wp-content\/uploads\/2026\/09\/WhatsApp-Image-2026-09-03-at-11.24.41-1024x768.jpeg 1024w, https:\/\/apneapassion.com\/wp-content\/uploads\/2026\/09\/WhatsApp-Image-2026-09-03-at-11.24.41-300x225.jpeg 300w, https:\/\/apneapassion.com\/wp-content\/uploads\/2026\/09\/WhatsApp-Image-2026-09-03-at-11.24.41-768x576.jpeg 768w, https:\/\/apneapassion.com\/wp-content\/uploads\/2026\/09\/WhatsApp-Image-2026-09-03-at-11.24.41-1536x1153.jpeg 1536w, https:\/\/apneapassion.com\/wp-content\/uploads\/2026\/09\/WhatsApp-Image-2026-09-03-at-11.24.41-80x60.jpeg 80w, https:\/\/apneapassion.com\/wp-content\/uploads\/2026\/09\/WhatsApp-Image-2026-09-03-at-11.24.41-160x120.jpeg 160w, https:\/\/apneapassion.com\/wp-content\/uploads\/2026\/09\/WhatsApp-Image-2026-09-03-at-11.24.41-696x522.jpeg 696w, https:\/\/apneapassion.com\/wp-content\/uploads\/2026\/09\/WhatsApp-Image-2026-09-03-at-11.24.41-1392x1045.jpeg 1392w, https:\/\/apneapassion.com\/wp-content\/uploads\/2026\/09\/WhatsApp-Image-2026-09-03-at-11.24.41.jpeg 1599w\" sizes=\"auto, (max-width: 1024px) 100vw, 1024px\" \/><\/figure>\n<div class=\"wp-block-image\">\n<figure class=\"aligncenter size-large\"><img loading=\"lazy\" decoding=\"async\" width=\"768\" height=\"1024\" src=\"https:\/\/apneapassion.com\/wp-content\/uploads\/2026\/09\/ChatGPT-Image-1-set-2026-11_57_16-768x1024.png\" alt=\"\" class=\"wp-image-74227\" srcset=\"https:\/\/apneapassion.com\/wp-content\/uploads\/2026\/09\/ChatGPT-Image-1-set-2026-11_57_16-768x1024.png 768w, https:\/\/apneapassion.com\/wp-content\/uploads\/2026\/09\/ChatGPT-Image-1-set-2026-11_57_16-225x300.png 225w, https:\/\/apneapassion.com\/wp-content\/uploads\/2026\/09\/ChatGPT-Image-1-set-2026-11_57_16-696x928.png 696w, https:\/\/apneapassion.com\/wp-content\/uploads\/2026\/09\/ChatGPT-Image-1-set-2026-11_57_16.png 1086w\" sizes=\"auto, (max-width: 768px) 100vw, 768px\" \/><\/figure>\n<\/div>\n<p class=\"wp-block-paragraph\">El impresionante equipo espa\u00f1ol cuenta con <strong>Santiago L\u00f3pez Cid<\/strong>, ganador de un t\u00edtulo mundial individual y de cinco t\u00edtulos espa\u00f1oles, el m\u00e1s reciente de los cuales lo consigui\u00f3 en el Campeonato de Europa del Oc\u00e9ano Atl\u00e1ntico, en condiciones similares a las que se esperan en Sagres. Tambi\u00e9n participar\u00e1 el tres veces campe\u00f3n de Espa\u00f1a, <strong>David Fern\u00e1ndez Montero<\/strong>. <br\/><\/p>\n\n<figure class=\"wp-block-image size-large\"><img loading=\"lazy\" decoding=\"async\" width=\"1024\" height=\"776\" src=\"https:\/\/apneapassion.com\/wp-content\/uploads\/2026\/09\/WhatsApp-Image-2026-08-31-at-23.41.34-1024x776.jpeg\" alt=\"El equipo espa&#xF1;ol en la Copa del Mundo de Pesca Subacu&#xE1;tica de la CMAS 2026 en Sagres (Portugal)\" class=\"wp-image-74231\" srcset=\"https:\/\/apneapassion.com\/wp-content\/uploads\/2026\/09\/WhatsApp-Image-2026-08-31-at-23.41.34-1024x776.jpeg 1024w, https:\/\/apneapassion.com\/wp-content\/uploads\/2026\/09\/WhatsApp-Image-2026-08-31-at-23.41.34-300x227.jpeg 300w, https:\/\/apneapassion.com\/wp-content\/uploads\/2026\/09\/WhatsApp-Image-2026-08-31-at-23.41.34-768x582.jpeg 768w, https:\/\/apneapassion.com\/wp-content\/uploads\/2026\/09\/WhatsApp-Image-2026-08-31-at-23.41.34-1536x1164.jpeg 1536w, https:\/\/apneapassion.com\/wp-content\/uploads\/2026\/09\/WhatsApp-Image-2026-08-31-at-23.41.34-80x60.jpeg 80w, https:\/\/apneapassion.com\/wp-content\/uploads\/2026\/09\/WhatsApp-Image-2026-08-31-at-23.41.34-160x120.jpeg 160w, https:\/\/apneapassion.com\/wp-content\/uploads\/2026\/09\/WhatsApp-Image-2026-08-31-at-23.41.34-696x528.jpeg 696w, https:\/\/apneapassion.com\/wp-content\/uploads\/2026\/09\/WhatsApp-Image-2026-08-31-at-23.41.34-1392x1055.jpeg 1392w, https:\/\/apneapassion.com\/wp-content\/uploads\/2026\/09\/WhatsApp-Image-2026-08-31-at-23.41.34.jpeg 1793w\" sizes=\"auto, (max-width: 1024px) 100vw, 1024px\" \/><\/figure>\n\n<p class=\"wp-block-paragraph\">Entre los favoritos portugueses est\u00e1n <strong>Carlos Os\u00f3rio<\/strong> y <strong>Jody Lot<\/strong>, que se llev\u00f3 su segundo t\u00edtulo individual del Campeonato del Mundo precisamente en esta regi\u00f3n en 2018.<\/p>\n\n<h2 class=\"wp-block-heading\"><strong>Francisco Loffredi vuelve para defender su t\u00edtulo<\/strong><\/h2>\n\n<p class=\"wp-block-paragraph\">Tras cruzar el Atl\u00e1ntico desde <strong>Brasil<\/strong>, <strong>Francisco Loffredi<\/strong>, ganador de la anterior Copa del Mundo de Clubes de la CMAS, volver\u00e1 para defender su t\u00edtulo. Esta vez, competir\u00e1 con el <strong>Iate Clube do Rio de Janeiro<\/strong>, tras haber ganado el trofeo hace dos a\u00f1os en su ciudad natal, R\u00edo de Janeiro.<br\/>Otro nombre destacado en la lista de inscritos es el del deportista brasile\u00f1o <strong>Paulo Sergio Pacheco<\/strong>, subcampe\u00f3n del Mundial de 2002. <\/p>\n<div class=\"wp-block-image\">\n<figure class=\"aligncenter size-large\"><img loading=\"lazy\" decoding=\"async\" width=\"768\" height=\"1024\" src=\"https:\/\/apneapassion.com\/wp-content\/uploads\/2026\/09\/WhatsApp-Image-2026-09-01-at-11.05.03-768x1024.jpeg\" alt=\"El equipo brasile&#xF1;o en la Copa del Mundo de Pesca Subacu&#xE1;tica de la CMAS de 2026 en Sagres (Portugal)\" class=\"wp-image-74235\" srcset=\"https:\/\/apneapassion.com\/wp-content\/uploads\/2026\/09\/WhatsApp-Image-2026-09-01-at-11.05.03-768x1024.jpeg 768w, https:\/\/apneapassion.com\/wp-content\/uploads\/2026\/09\/WhatsApp-Image-2026-09-01-at-11.05.03-225x300.jpeg 225w, https:\/\/apneapassion.com\/wp-content\/uploads\/2026\/09\/WhatsApp-Image-2026-09-01-at-11.05.03-696x928.jpeg 696w, https:\/\/apneapassion.com\/wp-content\/uploads\/2026\/09\/WhatsApp-Image-2026-09-01-at-11.05.03.jpeg 960w\" sizes=\"auto, (max-width: 768px) 100vw, 768px\" \/><\/figure>\n<\/div>\n<p class=\"wp-block-paragraph\">\u00a1Otra gran noticia es la primera participaci\u00f3n del equipo de pesca submarina de la Rep\u00fablica Checa! Y solo hay un equipo femenino, pero sin duda muy fuerte, formado por <strong>Teresa Duarte, Rita Teixeira y Catarina Santos<\/strong>.   <\/p>\n<div class=\"wp-block-image\">\n<figure class=\"aligncenter size-large\"><img loading=\"lazy\" decoding=\"async\" width=\"768\" height=\"1024\" src=\"https:\/\/apneapassion.com\/wp-content\/uploads\/2026\/09\/WhatsApp-Image-2026-09-01-at-09.18.58-768x1024.jpeg\" alt=\"El equipo checo en la Copa del Mundo de Pesca Subacu&#xE1;tica de la CMAS de 2026 en Sagres (Portugal)\" class=\"wp-image-74239\" srcset=\"https:\/\/apneapassion.com\/wp-content\/uploads\/2026\/09\/WhatsApp-Image-2026-09-01-at-09.18.58-768x1024.jpeg 768w, https:\/\/apneapassion.com\/wp-content\/uploads\/2026\/09\/WhatsApp-Image-2026-09-01-at-09.18.58-225x300.jpeg 225w, https:\/\/apneapassion.com\/wp-content\/uploads\/2026\/09\/WhatsApp-Image-2026-09-01-at-09.18.58-696x928.jpeg 696w, https:\/\/apneapassion.com\/wp-content\/uploads\/2026\/09\/WhatsApp-Image-2026-09-01-at-09.18.58.jpeg 960w\" sizes=\"auto, (max-width: 768px) 100vw, 768px\" \/><\/figure>\n<\/div>\n<figure class=\"wp-block-image size-large\"><img loading=\"lazy\" decoding=\"async\" width=\"1024\" height=\"576\" src=\"https:\/\/apneapassion.com\/wp-content\/uploads\/2026\/09\/WhatsApp-Image-2026-09-03-at-20.44.58-1-1024x576.jpeg\" alt=\"\" class=\"wp-image-74248\" srcset=\"https:\/\/apneapassion.com\/wp-content\/uploads\/2026\/09\/WhatsApp-Image-2026-09-03-at-20.44.58-1-1024x576.jpeg 1024w, https:\/\/apneapassion.com\/wp-content\/uploads\/2026\/09\/WhatsApp-Image-2026-09-03-at-20.44.58-1-300x169.jpeg 300w, https:\/\/apneapassion.com\/wp-content\/uploads\/2026\/09\/WhatsApp-Image-2026-09-03-at-20.44.58-1-768x432.jpeg 768w, https:\/\/apneapassion.com\/wp-content\/uploads\/2026\/09\/WhatsApp-Image-2026-09-03-at-20.44.58-1-1536x864.jpeg 1536w, https:\/\/apneapassion.com\/wp-content\/uploads\/2026\/09\/WhatsApp-Image-2026-09-03-at-20.44.58-1-696x392.jpeg 696w, https:\/\/apneapassion.com\/wp-content\/uploads\/2026\/09\/WhatsApp-Image-2026-09-03-at-20.44.58-1-1392x783.jpeg 1392w, https:\/\/apneapassion.com\/wp-content\/uploads\/2026\/09\/WhatsApp-Image-2026-09-03-at-20.44.58-1.jpeg 2048w\" sizes=\"auto, (max-width: 1024px) 100vw, 1024px\" \/><\/figure>\n\n<h2 class=\"wp-block-heading\"><strong>Condiciones dif\u00edciles en el Atl\u00e1ntico, en Sagres<\/strong><\/h2>\n\n<p class=\"wp-block-paragraph\">La preparaci\u00f3n de los deportistas se ha visto complicada por <strong>unas condiciones mar\u00edtimas exigentes<\/strong>, con fuertes vientos y olas altas que han puesto a prueba tanto a los competidores como a las tripulaciones. Sin embargo, la previsi\u00f3n meteorol\u00f3gica apunta ahora a condiciones m\u00e1s favorables para los dos d\u00edas oficiales de competici\u00f3n.<br\/>Con un extraordinario elenco de campeones y el impredecible <strong>oc\u00e9ano Atl\u00e1ntico<\/strong> como escenario, la Copa del Mundo de Pesca Subacu\u00e1tica por Clubes de la CMAS 2026 promete ofrecer dos d\u00edas espectaculares de competici\u00f3n.<br\/>Para ma\u00f1ana, <strong>se ha elegido<\/strong> la <strong>zona de competici\u00f3n m\u00e1s al norte<\/strong>. Se espera que la zona est\u00e9 repleta de peces, pero algunos equipos han expresado su preocupaci\u00f3n por la decisi\u00f3n, ya que era pr\u00e1cticamente imposible explorarla adecuadamente durante el periodo de preparaci\u00f3n. Por lo tanto, los equipos locales podr\u00edan tener una ventaja significativa sobre el resto de participantes. No obstante, esperemos que sea una competici\u00f3n emocionante, con muchas capturas y un d\u00eda estupendo para todos.    <\/p>\n\n<figure class=\"wp-block-image size-large\"><img loading=\"lazy\" decoding=\"async\" width=\"725\" height=\"1024\" src=\"https:\/\/apneapassion.com\/wp-content\/uploads\/2026\/09\/TEAMS-AND-ATHLETES-_page-0001-725x1024.jpg\" alt=\"\" class=\"wp-image-74244\" srcset=\"https:\/\/apneapassion.com\/wp-content\/uploads\/2026\/09\/TEAMS-AND-ATHLETES-_page-0001-725x1024.jpg 725w, https:\/\/apneapassion.com\/wp-content\/uploads\/2026\/09\/TEAMS-AND-ATHLETES-_page-0001-212x300.jpg 212w, https:\/\/apneapassion.com\/wp-content\/uploads\/2026\/09\/TEAMS-AND-ATHLETES-_page-0001-768x1085.jpg 768w, https:\/\/apneapassion.com\/wp-content\/uploads\/2026\/09\/TEAMS-AND-ATHLETES-_page-0001-1087x1536.jpg 1087w, https:\/\/apneapassion.com\/wp-content\/uploads\/2026\/09\/TEAMS-AND-ATHLETES-_page-0001-1449x2048.jpg 1449w, https:\/\/apneapassion.com\/wp-content\/uploads\/2026\/09\/TEAMS-AND-ATHLETES-_page-0001-696x984.jpg 696w, https:\/\/apneapassion.com\/wp-content\/uploads\/2026\/09\/TEAMS-AND-ATHLETES-_page-0001-1392x1967.jpg 1392w, https:\/\/apneapassion.com\/wp-content\/uploads\/2026\/09\/TEAMS-AND-ATHLETES-_page-0001.jpg 1800w\" sizes=\"auto, (max-width: 725px) 100vw, 725px\" \/><\/figure>\n","protected":false},"excerpt":{"rendered":"<p>La noche de los \u00d3scar, las estrellas de cine m\u00e1s famosas del mundo desfilan por la famosa alfombra roja de Hollywood. La pesca submarina se est\u00e1 preparando ahora para su propio evento repleto de estrellas, ya que algunos de los nombres m\u00e1s importantes de este deporte se dirigen a los espectaculares acantilados de Sagres, en [&hellip;]<\/p>\n","protected":false},"author":5,"featured_media":74263,"comment_status":"closed","ping_status":"closed","sticky":false,"template":"","format":"standard","meta":{"pmpro_default_level":"","footnotes":""},"categories":[6556],"tags":[],"class_list":["post-74259","post","type-post","status-publish","format-standard","has-post-thumbnail","category-campeonatos-y-eventos","pmpro-has-access"],"yoast_head":"<!-- This site is optimized with the Yoast SEO plugin v28.4 - https:\/\/yoast.com\/product\/yoast-seo-wordpress\/ -->\n<title>Copa del Mundo de Clubes de la CMAS 2026: Desfile de campeones - Apnea Passion Magazine<\/title>\n<meta name=\"description\" content=\"Comienza en Sagres, Portugal, la competici\u00f3n de la Copa del Mundo de Pesca Submarina por Clubes CMAS 2026\" \/>\n<meta name=\"robots\" content=\"index, follow, max-snippet:-1, max-image-preview:large, max-video-preview:-1\" \/>\n<link rel=\"canonical\" href=\"https:\/\/apneapassion.com\/es\/noticias-y-consejos\/campeonatos-y-eventos\/copa-del-mundo-de-clubes-de-la-cmas-2026-desfile-de-campeones\/\" \/>\n<meta property=\"og:locale\" content=\"es_ES\" \/>\n<meta property=\"og:type\" content=\"article\" \/>\n<meta property=\"og:title\" content=\"Copa del Mundo de Clubes de la CMAS 2026: Desfile de campeones - Apnea Passion Magazine\" \/>\n<meta property=\"og:description\" content=\"Comienza en Sagres, Portugal, la competici\u00f3n de la Copa del Mundo de Pesca Submarina por Clubes CMAS 2026\" \/>\n<meta property=\"og:url\" content=\"https:\/\/apneapassion.com\/es\/noticias-y-consejos\/campeonatos-y-eventos\/copa-del-mundo-de-clubes-de-la-cmas-2026-desfile-de-campeones\/\" \/>\n<meta property=\"og:site_name\" content=\"Apnea Passion Magazine\" \/>\n<meta property=\"article:published_time\" content=\"2026-09-03T19:25:41+00:00\" \/>\n<meta property=\"article:modified_time\" content=\"2026-09-03T19:45:02+00:00\" \/>\n<meta property=\"og:image\" content=\"https:\/\/apneapassion.com\/wp-content\/uploads\/2026\/09\/apnea-passion-sagres-world-cup-2026-cover-equal-top-row.jpg\" \/>\n\t<meta property=\"og:image:width\" content=\"2560\" \/>\n\t<meta property=\"og:image:height\" content=\"1440\" \/>\n\t<meta property=\"og:image:type\" content=\"image\/jpeg\" \/>\n<meta name=\"author\" content=\"Redazione\" \/>\n<meta name=\"twitter:card\" content=\"summary_large_image\" \/>\n<meta name=\"twitter:label1\" content=\"Escrito por\" \/>\n\t<meta name=\"twitter:data1\" content=\"Redazione\" \/>\n\t<meta name=\"twitter:label2\" content=\"Tiempo de lectura\" \/>\n\t<meta name=\"twitter:data2\" content=\"4 minutos\" \/>\n<script type=\"application\/ld+json\" class=\"yoast-schema-graph\">{\"@context\":\"https:\\\/\\\/schema.org\",\"@graph\":[{\"@type\":\"Article\",\"@id\":\"https:\\\/\\\/apneapassion.com\\\/es\\\/noticias-y-consejos\\\/campeonatos-y-eventos\\\/copa-del-mundo-de-clubes-de-la-cmas-2026-desfile-de-campeones\\\/#article\",\"isPartOf\":{\"@id\":\"https:\\\/\\\/apneapassion.com\\\/es\\\/noticias-y-consejos\\\/campeonatos-y-eventos\\\/copa-del-mundo-de-clubes-de-la-cmas-2026-desfile-de-campeones\\\/\"},\"author\":{\"name\":\"Redazione\",\"@id\":\"https:\\\/\\\/apneapassion.com\\\/es\\\/#\\\/schema\\\/person\\\/16fd86e89a2df2d0f6d71e1304f17d4d\"},\"headline\":\"Copa del Mundo de Clubes de la CMAS 2026: Desfile de campeones\",\"datePublished\":\"2026-09-03T19:25:41+00:00\",\"dateModified\":\"2026-09-03T19:45:02+00:00\",\"mainEntityOfPage\":{\"@id\":\"https:\\\/\\\/apneapassion.com\\\/es\\\/noticias-y-consejos\\\/campeonatos-y-eventos\\\/copa-del-mundo-de-clubes-de-la-cmas-2026-desfile-de-campeones\\\/\"},\"wordCount\":584,\"publisher\":{\"@id\":\"https:\\\/\\\/apneapassion.com\\\/es\\\/#organization\"},\"image\":{\"@id\":\"https:\\\/\\\/apneapassion.com\\\/es\\\/noticias-y-consejos\\\/campeonatos-y-eventos\\\/copa-del-mundo-de-clubes-de-la-cmas-2026-desfile-de-campeones\\\/#primaryimage\"},\"thumbnailUrl\":\"https:\\\/\\\/apneapassion.com\\\/wp-content\\\/uploads\\\/2026\\\/09\\\/apnea-passion-sagres-world-cup-2026-cover-equal-top-row.jpg\",\"articleSection\":[\"Campeonatos y eventos\"],\"inLanguage\":\"es\"},{\"@type\":\"WebPage\",\"@id\":\"https:\\\/\\\/apneapassion.com\\\/es\\\/noticias-y-consejos\\\/campeonatos-y-eventos\\\/copa-del-mundo-de-clubes-de-la-cmas-2026-desfile-de-campeones\\\/\",\"url\":\"https:\\\/\\\/apneapassion.com\\\/es\\\/noticias-y-consejos\\\/campeonatos-y-eventos\\\/copa-del-mundo-de-clubes-de-la-cmas-2026-desfile-de-campeones\\\/\",\"name\":\"Copa del Mundo de Clubes de la CMAS 2026: Desfile de campeones - Apnea Passion Magazine\",\"isPartOf\":{\"@id\":\"https:\\\/\\\/apneapassion.com\\\/es\\\/#website\"},\"primaryImageOfPage\":{\"@id\":\"https:\\\/\\\/apneapassion.com\\\/es\\\/noticias-y-consejos\\\/campeonatos-y-eventos\\\/copa-del-mundo-de-clubes-de-la-cmas-2026-desfile-de-campeones\\\/#primaryimage\"},\"image\":{\"@id\":\"https:\\\/\\\/apneapassion.com\\\/es\\\/noticias-y-consejos\\\/campeonatos-y-eventos\\\/copa-del-mundo-de-clubes-de-la-cmas-2026-desfile-de-campeones\\\/#primaryimage\"},\"thumbnailUrl\":\"https:\\\/\\\/apneapassion.com\\\/wp-content\\\/uploads\\\/2026\\\/09\\\/apnea-passion-sagres-world-cup-2026-cover-equal-top-row.jpg\",\"datePublished\":\"2026-09-03T19:25:41+00:00\",\"dateModified\":\"2026-09-03T19:45:02+00:00\",\"description\":\"Comienza en Sagres, Portugal, la competici\u00f3n de la Copa del Mundo de Pesca Submarina por Clubes CMAS 2026\",\"breadcrumb\":{\"@id\":\"https:\\\/\\\/apneapassion.com\\\/es\\\/noticias-y-consejos\\\/campeonatos-y-eventos\\\/copa-del-mundo-de-clubes-de-la-cmas-2026-desfile-de-campeones\\\/#breadcrumb\"},\"inLanguage\":\"es\",\"potentialAction\":[{\"@type\":\"ReadAction\",\"target\":[\"https:\\\/\\\/apneapassion.com\\\/es\\\/noticias-y-consejos\\\/campeonatos-y-eventos\\\/copa-del-mundo-de-clubes-de-la-cmas-2026-desfile-de-campeones\\\/\"]}]},{\"@type\":\"ImageObject\",\"inLanguage\":\"es\",\"@id\":\"https:\\\/\\\/apneapassion.com\\\/es\\\/noticias-y-consejos\\\/campeonatos-y-eventos\\\/copa-del-mundo-de-clubes-de-la-cmas-2026-desfile-de-campeones\\\/#primaryimage\",\"url\":\"https:\\\/\\\/apneapassion.com\\\/wp-content\\\/uploads\\\/2026\\\/09\\\/apnea-passion-sagres-world-cup-2026-cover-equal-top-row.jpg\",\"contentUrl\":\"https:\\\/\\\/apneapassion.com\\\/wp-content\\\/uploads\\\/2026\\\/09\\\/apnea-passion-sagres-world-cup-2026-cover-equal-top-row.jpg\",\"width\":2560,\"height\":1440},{\"@type\":\"BreadcrumbList\",\"@id\":\"https:\\\/\\\/apneapassion.com\\\/es\\\/noticias-y-consejos\\\/campeonatos-y-eventos\\\/copa-del-mundo-de-clubes-de-la-cmas-2026-desfile-de-campeones\\\/#breadcrumb\",\"itemListElement\":[{\"@type\":\"ListItem\",\"position\":1,\"name\":\"Home\",\"item\":\"https:\\\/\\\/apneapassion.com\\\/es\\\/\"},{\"@type\":\"ListItem\",\"position\":2,\"name\":\"Noticias y consejos\",\"item\":\"https:\\\/\\\/apneapassion.com\\\/es\\\/category\\\/noticias-y-consejos\\\/\"},{\"@type\":\"ListItem\",\"position\":3,\"name\":\"Campeonatos y eventos\",\"item\":\"https:\\\/\\\/apneapassion.com\\\/es\\\/category\\\/noticias-y-consejos\\\/campeonatos-y-eventos\\\/\"},{\"@type\":\"ListItem\",\"position\":4,\"name\":\"Copa del Mundo de Clubes de la CMAS 2026: Desfile de campeones\"}]},{\"@type\":\"WebSite\",\"@id\":\"https:\\\/\\\/apneapassion.com\\\/es\\\/#website\",\"url\":\"https:\\\/\\\/apneapassion.com\\\/es\\\/\",\"name\":\"Apnea Passion Magazine\",\"description\":\"\",\"publisher\":{\"@id\":\"https:\\\/\\\/apneapassion.com\\\/es\\\/#organization\"},\"potentialAction\":[{\"@type\":\"SearchAction\",\"target\":{\"@type\":\"EntryPoint\",\"urlTemplate\":\"https:\\\/\\\/apneapassion.com\\\/es\\\/?s={search_term_string}\"},\"query-input\":{\"@type\":\"PropertyValueSpecification\",\"valueRequired\":true,\"valueName\":\"search_term_string\"}}],\"inLanguage\":\"es\"},{\"@type\":\"Organization\",\"@id\":\"https:\\\/\\\/apneapassion.com\\\/es\\\/#organization\",\"name\":\"Apnea Passion\",\"url\":\"https:\\\/\\\/apneapassion.com\\\/es\\\/\",\"logo\":{\"@type\":\"ImageObject\",\"inLanguage\":\"es\",\"@id\":\"https:\\\/\\\/apneapassion.com\\\/es\\\/#\\\/schema\\\/logo\\\/image\\\/\",\"url\":\"https:\\\/\\\/apneapassion.com\\\/wp-content\\\/uploads\\\/2023\\\/10\\\/apnea-passio-vertical-01-Favicon-512-x-512.png\",\"contentUrl\":\"https:\\\/\\\/apneapassion.com\\\/wp-content\\\/uploads\\\/2023\\\/10\\\/apnea-passio-vertical-01-Favicon-512-x-512.png\",\"width\":512,\"height\":512,\"caption\":\"Apnea Passion\"},\"image\":{\"@id\":\"https:\\\/\\\/apneapassion.com\\\/es\\\/#\\\/schema\\\/logo\\\/image\\\/\"}},{\"@type\":\"Person\",\"@id\":\"https:\\\/\\\/apneapassion.com\\\/es\\\/#\\\/schema\\\/person\\\/16fd86e89a2df2d0f6d71e1304f17d4d\",\"name\":\"Redazione\",\"url\":\"https:\\\/\\\/apneapassion.com\\\/es\\\/author\\\/carloeditor\\\/\"}]}<\/script>\n<!-- \/ Yoast SEO plugin. -->","yoast_head_json":{"title":"Copa del Mundo de Clubes de la CMAS 2026: Desfile de campeones - Apnea Passion Magazine","description":"Comienza en Sagres, Portugal, la competici\u00f3n de la Copa del Mundo de Pesca Submarina por Clubes CMAS 2026","robots":{"index":"index","follow":"follow","max-snippet":"max-snippet:-1","max-image-preview":"max-image-preview:large","max-video-preview":"max-video-preview:-1"},"canonical":"https:\/\/apneapassion.com\/es\/noticias-y-consejos\/campeonatos-y-eventos\/copa-del-mundo-de-clubes-de-la-cmas-2026-desfile-de-campeones\/","og_locale":"es_ES","og_type":"article","og_title":"Copa del Mundo de Clubes de la CMAS 2026: Desfile de campeones - Apnea Passion Magazine","og_description":"Comienza en Sagres, Portugal, la competici\u00f3n de la Copa del Mundo de Pesca Submarina por Clubes CMAS 2026","og_url":"https:\/\/apneapassion.com\/es\/noticias-y-consejos\/campeonatos-y-eventos\/copa-del-mundo-de-clubes-de-la-cmas-2026-desfile-de-campeones\/","og_site_name":"Apnea Passion Magazine","article_published_time":"2026-09-03T19:25:41+00:00","article_modified_time":"2026-09-03T19:45:02+00:00","og_image":[{"width":2560,"height":1440,"url":"https:\/\/apneapassion.com\/wp-content\/uploads\/2026\/09\/apnea-passion-sagres-world-cup-2026-cover-equal-top-row.jpg","type":"image\/jpeg"}],"author":"Redazione","twitter_card":"summary_large_image","twitter_misc":{"Escrito por":"Redazione","Tiempo de lectura":"4 minutos"},"schema":{"@context":"https:\/\/schema.org","@graph":[{"@type":"Article","@id":"https:\/\/apneapassion.com\/es\/noticias-y-consejos\/campeonatos-y-eventos\/copa-del-mundo-de-clubes-de-la-cmas-2026-desfile-de-campeones\/#article","isPartOf":{"@id":"https:\/\/apneapassion.com\/es\/noticias-y-consejos\/campeonatos-y-eventos\/copa-del-mundo-de-clubes-de-la-cmas-2026-desfile-de-campeones\/"},"author":{"name":"Redazione","@id":"https:\/\/apneapassion.com\/es\/#\/schema\/person\/16fd86e89a2df2d0f6d71e1304f17d4d"},"headline":"Copa del Mundo de Clubes de la CMAS 2026: Desfile de campeones","datePublished":"2026-09-03T19:25:41+00:00","dateModified":"2026-09-03T19:45:02+00:00","mainEntityOfPage":{"@id":"https:\/\/apneapassion.com\/es\/noticias-y-consejos\/campeonatos-y-eventos\/copa-del-mundo-de-clubes-de-la-cmas-2026-desfile-de-campeones\/"},"wordCount":584,"publisher":{"@id":"https:\/\/apneapassion.com\/es\/#organization"},"image":{"@id":"https:\/\/apneapassion.com\/es\/noticias-y-consejos\/campeonatos-y-eventos\/copa-del-mundo-de-clubes-de-la-cmas-2026-desfile-de-campeones\/#primaryimage"},"thumbnailUrl":"https:\/\/apneapassion.com\/wp-content\/uploads\/2026\/09\/apnea-passion-sagres-world-cup-2026-cover-equal-top-row.jpg","articleSection":["Campeonatos y eventos"],"inLanguage":"es"},{"@type":"WebPage","@id":"https:\/\/apneapassion.com\/es\/noticias-y-consejos\/campeonatos-y-eventos\/copa-del-mundo-de-clubes-de-la-cmas-2026-desfile-de-campeones\/","url":"https:\/\/apneapassion.com\/es\/noticias-y-consejos\/campeonatos-y-eventos\/copa-del-mundo-de-clubes-de-la-cmas-2026-desfile-de-campeones\/","name":"Copa del Mundo de Clubes de la CMAS 2026: Desfile de campeones - Apnea Passion Magazine","isPartOf":{"@id":"https:\/\/apneapassion.com\/es\/#website"},"primaryImageOfPage":{"@id":"https:\/\/apneapassion.com\/es\/noticias-y-consejos\/campeonatos-y-eventos\/copa-del-mundo-de-clubes-de-la-cmas-2026-desfile-de-campeones\/#primaryimage"},"image":{"@id":"https:\/\/apneapassion.com\/es\/noticias-y-consejos\/campeonatos-y-eventos\/copa-del-mundo-de-clubes-de-la-cmas-2026-desfile-de-campeones\/#primaryimage"},"thumbnailUrl":"https:\/\/apneapassion.com\/wp-content\/uploads\/2026\/09\/apnea-passion-sagres-world-cup-2026-cover-equal-top-row.jpg","datePublished":"2026-09-03T19:25:41+00:00","dateModified":"2026-09-03T19:45:02+00:00","description":"Comienza en Sagres, Portugal, la competici\u00f3n de la Copa del Mundo de Pesca Submarina por Clubes CMAS 2026","breadcrumb":{"@id":"https:\/\/apneapassion.com\/es\/noticias-y-consejos\/campeonatos-y-eventos\/copa-del-mundo-de-clubes-de-la-cmas-2026-desfile-de-campeones\/#breadcrumb"},"inLanguage":"es","potentialAction":[{"@type":"ReadAction","target":["https:\/\/apneapassion.com\/es\/noticias-y-consejos\/campeonatos-y-eventos\/copa-del-mundo-de-clubes-de-la-cmas-2026-desfile-de-campeones\/"]}]},{"@type":"ImageObject","inLanguage":"es","@id":"https:\/\/apneapassion.com\/es\/noticias-y-consejos\/campeonatos-y-eventos\/copa-del-mundo-de-clubes-de-la-cmas-2026-desfile-de-campeones\/#primaryimage","url":"https:\/\/apneapassion.com\/wp-content\/uploads\/2026\/09\/apnea-passion-sagres-world-cup-2026-cover-equal-top-row.jpg","contentUrl":"https:\/\/apneapassion.com\/wp-content\/uploads\/2026\/09\/apnea-passion-sagres-world-cup-2026-cover-equal-top-row.jpg","width":2560,"height":1440},{"@type":"BreadcrumbList","@id":"https:\/\/apneapassion.com\/es\/noticias-y-consejos\/campeonatos-y-eventos\/copa-del-mundo-de-clubes-de-la-cmas-2026-desfile-de-campeones\/#breadcrumb","itemListElement":[{"@type":"ListItem","position":1,"name":"Home","item":"https:\/\/apneapassion.com\/es\/"},{"@type":"ListItem","position":2,"name":"Noticias y consejos","item":"https:\/\/apneapassion.com\/es\/category\/noticias-y-consejos\/"},{"@type":"ListItem","position":3,"name":"Campeonatos y eventos","item":"https:\/\/apneapassion.com\/es\/category\/noticias-y-consejos\/campeonatos-y-eventos\/"},{"@type":"ListItem","position":4,"name":"Copa del Mundo de Clubes de la CMAS 2026: Desfile de campeones"}]},{"@type":"WebSite","@id":"https:\/\/apneapassion.com\/es\/#website","url":"https:\/\/apneapassion.com\/es\/","name":"Apnea Passion Magazine","description":"","publisher":{"@id":"https:\/\/apneapassion.com\/es\/#organization"},"potentialAction":[{"@type":"SearchAction","target":{"@type":"EntryPoint","urlTemplate":"https:\/\/apneapassion.com\/es\/?s={search_term_string}"},"query-input":{"@type":"PropertyValueSpecification","valueRequired":true,"valueName":"search_term_string"}}],"inLanguage":"es"},{"@type":"Organization","@id":"https:\/\/apneapassion.com\/es\/#organization","name":"Apnea Passion","url":"https:\/\/apneapassion.com\/es\/","logo":{"@type":"ImageObject","inLanguage":"es","@id":"https:\/\/apneapassion.com\/es\/#\/schema\/logo\/image\/","url":"https:\/\/apneapassion.com\/wp-content\/uploads\/2023\/10\/apnea-passio-vertical-01-Favicon-512-x-512.png","contentUrl":"https:\/\/apneapassion.com\/wp-content\/uploads\/2023\/10\/apnea-passio-vertical-01-Favicon-512-x-512.png","width":512,"height":512,"caption":"Apnea Passion"},"image":{"@id":"https:\/\/apneapassion.com\/es\/#\/schema\/logo\/image\/"}},{"@type":"Person","@id":"https:\/\/apneapassion.com\/es\/#\/schema\/person\/16fd86e89a2df2d0f6d71e1304f17d4d","name":"Redazione","url":"https:\/\/apneapassion.com\/es\/author\/carloeditor\/"}]}},"_links":{"self":[{"href":"https:\/\/apneapassion.com\/es\/wp-json\/wp\/v2\/posts\/74259","targetHints":{"allow":["GET"]}}],"collection":[{"href":"https:\/\/apneapassion.com\/es\/wp-json\/wp\/v2\/posts"}],"about":[{"href":"https:\/\/apneapassion.com\/es\/wp-json\/wp\/v2\/types\/post"}],"author":[{"embeddable":true,"href":"https:\/\/apneapassion.com\/es\/wp-json\/wp\/v2\/users\/5"}],"replies":[{"embeddable":true,"href":"https:\/\/apneapassion.com\/es\/wp-json\/wp\/v2\/comments?post=74259"}],"version-history":[{"count":1,"href":"https:\/\/apneapassion.com\/es\/wp-json\/wp\/v2\/posts\/74259\/revisions"}],"predecessor-version":[{"id":74260,"href":"https:\/\/apneapassion.com\/es\/wp-json\/wp\/v2\/posts\/74259\/revisions\/74260"}],"wp:featuredmedia":[{"embeddable":true,"href":"https:\/\/apneapassion.com\/es\/wp-json\/wp\/v2\/media\/74263"}],"wp:attachment":[{"href":"https:\/\/apneapassion.com\/es\/wp-json\/wp\/v2\/media?parent=74259"}],"wp:term":[{"taxonomy":"category","embeddable":true,"href":"https:\/\/apneapassion.com\/es\/wp-json\/wp\/v2\/categories?post=74259"},{"taxonomy":"post_tag","embeddable":true,"href":"https:\/\/apneapassion.com\/es\/wp-json\/wp\/v2\/tags?post=74259"}],"curies":[{"name":"wp","href":"https:\/\/api.w.org\/{rel}","templated":true}]}}